{"id":176078,"date":"2025-12-05T00:05:36","date_gmt":"2025-12-05T00:05:36","guid":{"rendered":"https:\/\/www.europesays.com\/pt\/176078\/"},"modified":"2025-12-05T00:05:36","modified_gmt":"2025-12-05T00:05:36","slug":"a-festa-de-sonho-da-filha-de-claudia-vieira-teve-direito-a-uma-mesa-especial","status":"publish","type":"post","link":"https:\/\/www.europesays.com\/pt\/176078\/","title":{"rendered":"A festa de sonho da filha de Cl\u00e1udia Vieira teve direito a&#8230; uma mesa especial"},"content":{"rendered":"<p>Cada anivers\u00e1rio \u00e9 especial, seja de tenra idade ou de uma idade feita de sabedoria. E nada mais bonito do que fazer 6 anos, precisamente a idade completada pela filha de Cl\u00e1udia Vieira e Jo\u00e3o Alves, Caetana.\u00a0<\/p>\n<p>No dia 1 de dezembro, a pequena Caetana fez 6 anos e a festa aconteceu esta ter\u00e7a-feira, 2, num ambiente de K-Pop ao estilo do que a filha mais nova de Cl\u00e1udia Vieira gosta. E n\u00e3o foi s\u00f3 \u00e0 tem\u00e1tica, concedida pela empresa\u00a0Les Th\u00e8mes Events,\u00a0a que teve direito.<\/p>\n<p>Tamb\u00e9m teve direito a cabelo arranjado pela Kool Dream, em Telheiras, a anima\u00e7\u00e3o da FUNtoche Eventos Infantis, a bolo de anivers\u00e1rio de\u00a0Renata Ibanes, insufl\u00e1veis da Magicstar Anima\u00e7\u00e3o e&#8230; <a href=\"https:\/\/www.talmaetalfilha.pt\/?utm_content=link_in_bio&amp;fbclid=PAZXh0bgNhZW0CMTEAc3J0YwZhcHBfaWQMMjU2MjgxMDQwNTU4AAGn2ZTn4FQjBEGfiTdYyY8sA9pWHoeYAq3KlozE_ZtMEoIopf-ZmAGZSjXcxpw_aem__eDFH34CHp1ixYbHkVm3hg\" target=\"_blank\" rel=\"nofollow noopener\">catering de\u00a0Tal M\u00e3e, Tal Filha<\/a>.<\/p>\n<p>Como o nome bem indica, Tal M\u00e3e, Tal Filha \u00e9 um projeto gerido por m\u00e3e e filha, que oferecem iguarias inspiradas nas\u00a0receitas de fam\u00edlia, para que todos tenham &#8220;uma experi\u00eancia caseira e de qualidade superior&#8221;, como referem no site. Fazem todo o tipo de eventos, desde casamentos a anivers\u00e1rios, como foi o caso, tendo a mesa farta contado com pequenas doses de finger food, como croquetes, mini hamb\u00fargueres, folhados, espetadas de tomate cherry e queijo mozzarella e alguns doces.\u00a0<\/p>\n<p>A mesa especial conquistou todos os convidados, desde as crian\u00e7as aos adultos, em especial a atriz Cl\u00e1udia Vieira que fez quest\u00e3o de deixar um especial agradecimento nas redes sociais.\u00a0<\/p>\n<blockquote class=\"instagram-media\" data-instgrm-captioned=\"\" data-instgrm-permalink=\"https:\/\/www.instagram.com\/p\/DRxqbnjjdfa\/?utm_source=ig_embed&amp;utm_campaign=loading\" data-instgrm-version=\"14\" style=\" background:#FFF; border:0; border-radius:3px; box-shadow:0 0 1px 0 rgba(0,0,0,0.5),0 1px 10px 0 rgba(0,0,0,0.15); margin: 1px; max-width:540px; min-width:326px; padding:0; width:99.375%; width:-webkit-calc(100% - 2px); width:calc(100% - 2px);\">\n<\/blockquote>\n<p>                            <script async src=\"\/\/www.instagram.com\/embed.js\"><\/script><\/p>\n","protected":false},"excerpt":{"rendered":"Cada anivers\u00e1rio \u00e9 especial, seja de tenra idade ou de uma idade feita de sabedoria. E nada mais&hellip;\n","protected":false},"author":2,"featured_media":176079,"comment_status":"","ping_status":"","sticky":false,"template":"","format":"standard","meta":{"footnotes":""},"categories":[85],"tags":[1081,36488,36489,1082,204,114,115,754,186,1079,32,33,1078,1080],"class_list":{"0":"post-176078","1":"post","2":"type-post","3":"status-publish","4":"format-standard","5":"has-post-thumbnail","7":"category-entretenimento","8":"tag-beleza","9":"tag-caetana","10":"tag-catering","11":"tag-claudia-vieira","12":"tag-design","13":"tag-entertainment","14":"tag-entretenimento","15":"tag-gastronomia","16":"tag-lifestyle","17":"tag-moda","18":"tag-portugal","19":"tag-pt","20":"tag-versa","21":"tag-viagens"},"share_on_mastodon":{"url":"https:\/\/pubeurope.com\/@pt\/115664042563899400","error":""},"_links":{"self":[{"href":"https:\/\/www.europesays.com\/pt\/wp-json\/wp\/v2\/posts\/176078","targetHints":{"allow":["GET"]}}],"collection":[{"href":"https:\/\/www.europesays.com\/pt\/wp-json\/wp\/v2\/posts"}],"about":[{"href":"https:\/\/www.europesays.com\/pt\/wp-json\/wp\/v2\/types\/post"}],"author":[{"embeddable":true,"href":"https:\/\/www.europesays.com\/pt\/wp-json\/wp\/v2\/users\/2"}],"replies":[{"embeddable":true,"href":"https:\/\/www.europesays.com\/pt\/wp-json\/wp\/v2\/comments?post=176078"}],"version-history":[{"count":0,"href":"https:\/\/www.europesays.com\/pt\/wp-json\/wp\/v2\/posts\/176078\/revisions"}],"wp:featuredmedia":[{"embeddable":true,"href":"https:\/\/www.europesays.com\/pt\/wp-json\/wp\/v2\/media\/176079"}],"wp:attachment":[{"href":"https:\/\/www.europesays.com\/pt\/wp-json\/wp\/v2\/media?parent=176078"}],"wp:term":[{"taxonomy":"category","embeddable":true,"href":"https:\/\/www.europesays.com\/pt\/wp-json\/wp\/v2\/categories?post=176078"},{"taxonomy":"post_tag","embeddable":true,"href":"https:\/\/www.europesays.com\/pt\/wp-json\/wp\/v2\/tags?post=176078"}],"curies":[{"name":"wp","href":"https:\/\/api.w.org\/{rel}","templated":true}]}}