{"id":176082,"date":"2025-12-05T00:07:07","date_gmt":"2025-12-05T00:07:07","guid":{"rendered":"https:\/\/www.europesays.com\/pt\/176082\/"},"modified":"2025-12-05T00:07:07","modified_gmt":"2025-12-05T00:07:07","slug":"netflix-ja-nao-vai-ter-de-pagar-15-mil-euros-a-historico-narcotraficante","status":"publish","type":"post","link":"https:\/\/www.europesays.com\/pt\/176082\/","title":{"rendered":"Netflix j\u00e1 n\u00e3o vai ter de pagar 15 mil euros a hist\u00f3rico narcotraficante"},"content":{"rendered":"<p data-remotead-prev-elm=\"true\" data-remotead-elm-id=\"inread\">Ao contr\u00e1rio do que afirmava Laureano Oubi\u00f1a, &#8220;n\u00e3o houve a viola\u00e7\u00e3o do direito \u00e0 honra, nem a interfer\u00eancia ileg\u00edtima no direito \u00e0 privacidade&#8221; do queixoso, decidiram os ju\u00edzes-conselheiros do Supremo Tribunal espanhol.<\/p>\n<p>No ac\u00f3rd\u00e3o absolut\u00f3rio, ao qual o JN teve acesso, o tribunal come\u00e7a por destacar que Laureano Oubi\u00f1a, que surge na s\u00e9rie, &#8220;foi um not\u00f3rio traficante de drogas galego, uma figura p\u00fablica e j\u00e1 foi at\u00e9 condenado por um crime, por uma conduta muito grave&#8221;. &#8220;Associ\u00e1-lo ao tr\u00e1fico de coca\u00edna numa cena da s\u00e9rie n\u00e3o pode ser considerado intrus\u00e3o ileg\u00edtima no seu direito \u00e0 honra, n\u00e3o pode ser considerado como constituindo um preju\u00edzo relevante \u00e0 reputa\u00e7\u00e3o de algu\u00e9m que j\u00e1 foi condenado por narcotr\u00e1fico&#8221;, pode ler-se.<\/p>\n<p>Laureano Oubi\u00f1a, agora com 79 anos, conotado desde os anos 80 como um dos principais traficantes de droga da Galiza, foi condenado tr\u00eas vezes, sempre por tr\u00e1fico.<\/p>\n<p data-remotead-prev-elm=\"true\" data-remotead-elm-id=\"centro1\">Em rela\u00e7\u00e3o a uma cena er\u00f3tica, sobre a qual Oubi\u00f1a se queixava, o Supremo considerou &#8220;tratar-se de cenas breves com atores totalmente vestidos e sem car\u00e1ter particularmente expl\u00edcito, de todo integradas na narrativa, sem adquirir relev\u00e2ncia dram\u00e1tica decisiva&#8221;.<\/p>\n<p>Tribunal anula ordem de remo\u00e7\u00e3o de cena<\/p>\n<p>O Supremo anulou, esta quinta-feira, a ordem de remo\u00e7\u00e3o da cena do primeiro epis\u00f3dio de &#8220;Fari\u00f1a&#8221; e revogou a decis\u00e3o inicialmente concedida pela Audi\u00eancia Provincial de Pontevedra, que havia condenado a Netflix a indemnizar Laureano Oubi\u00f1a em 15 mil euros, uma cent\u00e9sima parte daquilo que o homem pedia (1,5 milh\u00f5es de euros).<\/p>\n<p>A mais alta inst\u00e2ncia judicial espanhola entendeu que a s\u00e9rie \u00e9 &#8220;uma obra de fic\u00e7\u00e3o protegida pela liberdade de cria\u00e7\u00e3o art\u00edstica&#8221;, n\u00e3o se exigindo &#8220;o mesmo crit\u00e9rio rigoroso de veracidade que rege, por exemplo, o direito \u00e0 informa\u00e7\u00e3o&#8221;, da\u00ed a absolvi\u00e7\u00e3o.<\/p>\n<p data-remotead-prev-elm=\"true\" data-remotead-elm-id=\"centro2\">&#8220;N\u00e3o se verifica qualquer dano relevante \u00e0 reputa\u00e7\u00e3o de algu\u00e9m que j\u00e1 tenha sido condenado por crimes graves de tr\u00e1fico de drogas, mesmo que estes se referissem a outra subst\u00e2ncia&#8221;, adiantam os ju\u00edzes.<\/p>\n<p>&#8220;A minha vida piorou consideravelmente desde a exibi\u00e7\u00e3o desta s\u00e9rie, por ser retratado como uma pessoa capaz de tirar a vida de outra, violenta, sexista, traficante de coca\u00edna, impotente, cruel, infiel, impulsiva, um mau pai, um mau marido, brutal, tolo, vingativo, agressor de mulheres, ignorante ou mafioso&#8221;, sustentou Laureano Oubi\u00f1a na queixa c\u00edvel que intentou.<\/p>\n<p>Contactado esta quinta-feira pelo JN, Laureano Oubi\u00f1a, n\u00e3o respondeu.<\/p>\n","protected":false},"excerpt":{"rendered":"Ao contr\u00e1rio do que afirmava Laureano Oubi\u00f1a, &#8220;n\u00e3o houve a viola\u00e7\u00e3o do direito \u00e0 honra, nem a interfer\u00eancia&hellip;\n","protected":false},"author":2,"featured_media":176083,"comment_status":"","ping_status":"","sticky":false,"template":"","format":"standard","meta":{"footnotes":""},"categories":[50],"tags":[27,28,15,16,14,603,25,26,21,22,62,716,12,13,19,20,23,24,17,18,2953,29,30,31,63,64,65],"class_list":{"0":"post-176082","1":"post","2":"type-post","3":"status-publish","4":"format-standard","5":"has-post-thumbnail","7":"category-mundo","8":"tag-breaking-news","9":"tag-breakingnews","10":"tag-featured-news","11":"tag-featurednews","12":"tag-headlines","13":"tag-justica","14":"tag-latest-news","15":"tag-latestnews","16":"tag-main-news","17":"tag-mainnews","18":"tag-mundo","19":"tag-netflix","20":"tag-news","21":"tag-noticias","22":"tag-noticias-principais","23":"tag-noticiasprincipais","24":"tag-principais-noticias","25":"tag-principaisnoticias","26":"tag-top-stories","27":"tag-topstories","28":"tag-trafico-de-droga","29":"tag-ultimas","30":"tag-ultimas-noticias","31":"tag-ultimasnoticias","32":"tag-world","33":"tag-world-news","34":"tag-worldnews"},"share_on_mastodon":{"url":"https:\/\/pubeurope.com\/@pt\/115664050191097224","error":""},"_links":{"self":[{"href":"https:\/\/www.europesays.com\/pt\/wp-json\/wp\/v2\/posts\/176082","targetHints":{"allow":["GET"]}}],"collection":[{"href":"https:\/\/www.europesays.com\/pt\/wp-json\/wp\/v2\/posts"}],"about":[{"href":"https:\/\/www.europesays.com\/pt\/wp-json\/wp\/v2\/types\/post"}],"author":[{"embeddable":true,"href":"https:\/\/www.europesays.com\/pt\/wp-json\/wp\/v2\/users\/2"}],"replies":[{"embeddable":true,"href":"https:\/\/www.europesays.com\/pt\/wp-json\/wp\/v2\/comments?post=176082"}],"version-history":[{"count":0,"href":"https:\/\/www.europesays.com\/pt\/wp-json\/wp\/v2\/posts\/176082\/revisions"}],"wp:featuredmedia":[{"embeddable":true,"href":"https:\/\/www.europesays.com\/pt\/wp-json\/wp\/v2\/media\/176083"}],"wp:attachment":[{"href":"https:\/\/www.europesays.com\/pt\/wp-json\/wp\/v2\/media?parent=176082"}],"wp:term":[{"taxonomy":"category","embeddable":true,"href":"https:\/\/www.europesays.com\/pt\/wp-json\/wp\/v2\/categories?post=176082"},{"taxonomy":"post_tag","embeddable":true,"href":"https:\/\/www.europesays.com\/pt\/wp-json\/wp\/v2\/tags?post=176082"}],"curies":[{"name":"wp","href":"https:\/\/api.w.org\/{rel}","templated":true}]}}