{"id":176084,"date":"2025-12-05T00:08:14","date_gmt":"2025-12-05T00:08:14","guid":{"rendered":"https:\/\/www.europesays.com\/pt\/176084\/"},"modified":"2025-12-05T00:08:14","modified_gmt":"2025-12-05T00:08:14","slug":"portugal-escolhe-fragatas-italianas-fremm-evo-para-reforcar-a-marinha","status":"publish","type":"post","link":"https:\/\/www.europesays.com\/pt\/176084\/","title":{"rendered":"Portugal escolhe fragatas italianas FREMM EVO para refor\u00e7ar a Marinha"},"content":{"rendered":"\n<p>Atualmente, Portugal tem cinco fragatas (os NRP Vasco da Gama, \u00c1lvares Cabral, Corte Real, Bartolomeu Dias e D. Francisco de Almeida), todas constru\u00eddas h\u00e1 mais de 30 anos e a necessitar de substitui\u00e7\u00e3o nos pr\u00f3ximos anos.<\/p>\n<p>Nesta quarta-feira, o ministro da Defesa Nacional, Nuno Melo, revelou qual a origem das empresas que foram escolhidas para fornecerem Portugal com o que classifica de &#8220;investimento hist\u00f3rico&#8221; nas For\u00e7as Armadas: It\u00e1lia, Fran\u00e7a, Finl\u00e2ndia, Alemanha, Espanha e B\u00e9lgica. <\/p>\n<p>O governante n\u00e3o quis entrar em detalhes sobre todo o equipamento, nem identificar as empresas escolhidas, mas confirmou que ser\u00e1 a Marinha, com a aquisi\u00e7\u00e3o de novas fragatas, a destinat\u00e1ria da maior fatia do investimento. <\/p>\n<p>O ministro sublinhou que para as op\u00e7\u00f5es que foram tomadas foram consideradas contrapartidas que tivessem em conta o &#8220;retorno para a economia e o envolvimento da ind\u00fastria nacional&#8221;.<\/p>\n","protected":false},"excerpt":{"rendered":"Atualmente, Portugal tem cinco fragatas (os NRP Vasco da Gama, \u00c1lvares Cabral, Corte Real, Bartolomeu Dias e D.&hellip;\n","protected":false},"author":2,"featured_media":176085,"comment_status":"","ping_status":"","sticky":false,"template":"","format":"standard","meta":{"footnotes":""},"categories":[10],"tags":[27,28,2537,15,16,36491,36490,14,25,26,21,22,16595,12,13,19,20,32,23,24,33,35496,17,18,29,30,31],"class_list":{"0":"post-176084","1":"post","2":"type-post","3":"status-publish","4":"format-standard","5":"has-post-thumbnail","7":"category-portugal","8":"tag-breaking-news","9":"tag-breakingnews","10":"tag-defesa","11":"tag-featured-news","12":"tag-featurednews","13":"tag-fincantieri","14":"tag-fragatas-fremm-evo","15":"tag-headlines","16":"tag-latest-news","17":"tag-latestnews","18":"tag-main-news","19":"tag-mainnews","20":"tag-marinha-portuguesa","21":"tag-news","22":"tag-noticias","23":"tag-noticias-principais","24":"tag-noticiasprincipais","25":"tag-portugal","26":"tag-principais-noticias","27":"tag-principaisnoticias","28":"tag-pt","29":"tag-safe","30":"tag-top-stories","31":"tag-topstories","32":"tag-ultimas","33":"tag-ultimas-noticias","34":"tag-ultimasnoticias"},"share_on_mastodon":{"url":"https:\/\/pubeurope.com\/@pt\/115664054051587799","error":""},"_links":{"self":[{"href":"https:\/\/www.europesays.com\/pt\/wp-json\/wp\/v2\/posts\/176084","targetHints":{"allow":["GET"]}}],"collection":[{"href":"https:\/\/www.europesays.com\/pt\/wp-json\/wp\/v2\/posts"}],"about":[{"href":"https:\/\/www.europesays.com\/pt\/wp-json\/wp\/v2\/types\/post"}],"author":[{"embeddable":true,"href":"https:\/\/www.europesays.com\/pt\/wp-json\/wp\/v2\/users\/2"}],"replies":[{"embeddable":true,"href":"https:\/\/www.europesays.com\/pt\/wp-json\/wp\/v2\/comments?post=176084"}],"version-history":[{"count":0,"href":"https:\/\/www.europesays.com\/pt\/wp-json\/wp\/v2\/posts\/176084\/revisions"}],"wp:featuredmedia":[{"embeddable":true,"href":"https:\/\/www.europesays.com\/pt\/wp-json\/wp\/v2\/media\/176085"}],"wp:attachment":[{"href":"https:\/\/www.europesays.com\/pt\/wp-json\/wp\/v2\/media?parent=176084"}],"wp:term":[{"taxonomy":"category","embeddable":true,"href":"https:\/\/www.europesays.com\/pt\/wp-json\/wp\/v2\/categories?post=176084"},{"taxonomy":"post_tag","embeddable":true,"href":"https:\/\/www.europesays.com\/pt\/wp-json\/wp\/v2\/tags?post=176084"}],"curies":[{"name":"wp","href":"https:\/\/api.w.org\/{rel}","templated":true}]}}