{"id":176107,"date":"2025-12-05T00:30:21","date_gmt":"2025-12-05T00:30:21","guid":{"rendered":"https:\/\/www.europesays.com\/pt\/176107\/"},"modified":"2025-12-05T00:30:21","modified_gmt":"2025-12-05T00:30:21","slug":"fora-de-secret-story-dylan-envia-aviao-a-ines-descubra-o-que-dizia-a-mensagem","status":"publish","type":"post","link":"https:\/\/www.europesays.com\/pt\/176107\/","title":{"rendered":"Fora de &#8220;Secret Story&#8221;, Dylan envia avi\u00e3o a In\u00eas: descubra o que dizia a mensagem!"},"content":{"rendered":"<p>Um avi\u00e3o sobrevoou os c\u00e9us da Malveira, esta quinta-feira, dia 4, com uma nova mensagem dirigida a uma concorrente da nona edi\u00e7\u00e3o de &#8220;Secret Story &#8211; Casa dos Segredos&#8221;: In\u00eas Gama.<\/p>\n<p>O remetente era <a href=\"https:\/\/selfie.iol.pt\/famosos\/dylan\/fora-de-secret-story-dylan-assume-estive-mal-em-muitos-momentos\/20251201\/692dc1d5d34e3caad84be5d8\" target=\"_blank\" rel=\"nofollow noopener\">Dylan Fonte<\/a>, por quem a jovem se apaixonou na casa mais vigiada do Pa\u00eds. Rec\u00e9m-expulso do reality show da <a href=\"https:\/\/tvi.iol.pt\/\" target=\"_blank\" rel=\"nofollow noopener\">TVI<\/a>, o ex-concorrente declarou-se \u00e0 namorada e deixou-lhe uma promessa.<\/p>\n<p>&#8220;For\u00e7a, In\u00eas. Amo-te. Estou \u00e0 tua espera&#8221;, garantiu <a href=\"https:\/\/selfie.iol.pt\/famosos\/casa-dos-segredos-9\/fora-de-secret-story-dylan-fonte-deixa-garantia-e-faz-apelo-so-quero-que-saibam\/20251202\/692f1612d34e2bd5c6d4a96f\" target=\"_blank\" rel=\"nofollow noopener\">Dylan Fonte<\/a>, conforme pode ver-se numa imagem divulgada no perfil de Instagram do mesmo.<\/p>\n<p>Veja, agora, o v\u00eddeo do referido momento em &#8220;<a href=\"https:\/\/tvi.iol.pt\/secretstory\/\" target=\"_blank\" rel=\"nofollow noopener\">Secret Story<\/a> &#8211; Casa dos Segredos&#8221;.<\/p>\n<p style=\"text-align:center\"><img loading=\"lazy\" decoding=\"async\" alt=\"\" height=\"892\" src=\"https:\/\/www.europesays.com\/pt\/wp-content\/uploads\/2025\/12\/6931a6a8d34e2bd5c6d4be89.webp\" width=\"500\"\/><\/p>\n<p>\u00a0<\/p>\n","protected":false},"excerpt":{"rendered":"Um avi\u00e3o sobrevoou os c\u00e9us da Malveira, esta quinta-feira, dia 4, com uma nova mensagem dirigida a uma&hellip;\n","protected":false},"author":2,"featured_media":176108,"comment_status":"","ping_status":"","sticky":false,"template":"","format":"standard","meta":{"footnotes":""},"categories":[142],"tags":[2632,13471,6338,19105,21040,114,115,6309,980,15353,25393,1015,619,32,33,1014,1315,6985,16687,16686,1012,6986,16688,151,162],"class_list":{"0":"post-176107","1":"post","2":"type-post","3":"status-publish","4":"format-standard","5":"has-post-thumbnail","7":"category-tv","8":"tag-casa-dos-segredos","9":"tag-casa-dos-segredos-9","10":"tag-concorrente","11":"tag-dylan","12":"tag-dylan-fonte","13":"tag-entertainment","14":"tag-entretenimento","15":"tag-ex-concorrente","16":"tag-famosos","17":"tag-ines","18":"tag-ines-gama","19":"tag-instagram","20":"tag-nacional","21":"tag-portugal","22":"tag-pt","23":"tag-reality-show","24":"tag-secret-story","25":"tag-secret-story-casa-dos-segredos","26":"tag-secret-story-casa-dos-segredos-9","27":"tag-secret-story-9","28":"tag-selfie","29":"tag-ss","30":"tag-ss9","31":"tag-tv","32":"tag-tvi"},"share_on_mastodon":{"url":"https:\/\/pubeurope.com\/@pt\/115664141004475680","error":""},"_links":{"self":[{"href":"https:\/\/www.europesays.com\/pt\/wp-json\/wp\/v2\/posts\/176107","targetHints":{"allow":["GET"]}}],"collection":[{"href":"https:\/\/www.europesays.com\/pt\/wp-json\/wp\/v2\/posts"}],"about":[{"href":"https:\/\/www.europesays.com\/pt\/wp-json\/wp\/v2\/types\/post"}],"author":[{"embeddable":true,"href":"https:\/\/www.europesays.com\/pt\/wp-json\/wp\/v2\/users\/2"}],"replies":[{"embeddable":true,"href":"https:\/\/www.europesays.com\/pt\/wp-json\/wp\/v2\/comments?post=176107"}],"version-history":[{"count":0,"href":"https:\/\/www.europesays.com\/pt\/wp-json\/wp\/v2\/posts\/176107\/revisions"}],"wp:featuredmedia":[{"embeddable":true,"href":"https:\/\/www.europesays.com\/pt\/wp-json\/wp\/v2\/media\/176108"}],"wp:attachment":[{"href":"https:\/\/www.europesays.com\/pt\/wp-json\/wp\/v2\/media?parent=176107"}],"wp:term":[{"taxonomy":"category","embeddable":true,"href":"https:\/\/www.europesays.com\/pt\/wp-json\/wp\/v2\/categories?post=176107"},{"taxonomy":"post_tag","embeddable":true,"href":"https:\/\/www.europesays.com\/pt\/wp-json\/wp\/v2\/tags?post=176107"}],"curies":[{"name":"wp","href":"https:\/\/api.w.org\/{rel}","templated":true}]}}