{"id":176110,"date":"2025-12-05T00:34:14","date_gmt":"2025-12-05T00:34:14","guid":{"rendered":"https:\/\/www.europesays.com\/pt\/176110\/"},"modified":"2025-12-05T00:34:14","modified_gmt":"2025-12-05T00:34:14","slug":"nem-quis-fazer-o-treino","status":"publish","type":"post","link":"https:\/\/www.europesays.com\/pt\/176110\/","title":{"rendered":"\u00abNem quis fazer o treino\u00bb"},"content":{"rendered":"<p>&#8211; Advertisement &#8211;<\/p>\n<p><strong>Mateus Mide foi um dos destaques de Portugal no Mundial Sub-17. O jogador pertence aos quadros do FC Porto.<\/strong><\/p>\n<p>Mateus Mide foi um dos nomes em destaque de Portugal no Mundial Sub-17, vencendo inclusivamente o pr\u00e9mio de Jogador do Torneio. O m\u00e9dio pertence aos quadros do FC Porto,<a href=\"https:\/\/bolanarede.pt\/especial-bola-na-rede\/atualidade\/jovem-promessa-do-fc-porto-esta-em-grande-e-espreita-oportunidade-nos-escaloes-seniores\/\" target=\"_blank\" rel=\"noreferrer noopener nofollow\"> onde promete ser uma aposta de futuro<\/a>. <\/p>\n<p>Em entrevista ao Zerozero, o pai do jovem admitiu que Mateus Mide rejeitou fazer treinos no Benfica e destacou o profissionalismo do filho:<\/p>\n<p>\u00abO Mateus \u00e9 FC Porto de cora\u00e7\u00e3o. Aos 8 anos teve oportunidade de ir treinar ao Benfica e recusou. Nem quis fazer o treino. O sonho dele \u00e9 jogar no Est\u00e1dio do Drag\u00e3o\u2026 ainda no domingo estivemos l\u00e1 e falamos sobre o sonho de pisar aquele relvado. Abdicou muitas vezes de estar com amigos para descansar e para alcan\u00e7ar aquilo que tanto deseja. \u00c9 muito dedicado naquilo que quer. Adora ver jogar o Vitinha e tem algumas caracter\u00edsticas semelhantes. A leitura de jogo, a r\u00e1pida execu\u00e7\u00e3o\u2026 mas tem uma aptid\u00e3o maior para pisar terrenos ofensivos. \u00c9 um m\u00e9dio-ofensivo com chegada \u00e0 frente e que consegue\u00a0fazer golos com facilidade\u00bb.<\/p>\n<p>Mateus Mide leva esta temporada 23 encontros disputados, com 10 golos marcados e sete assist\u00eancias. O seu contrato com os drag\u00f5es \u00e9 v\u00e1lido at\u00e9 2027.<\/p>\n","protected":false},"excerpt":{"rendered":"&#8211; Advertisement &#8211; Mateus Mide foi um dos destaques de Portugal no Mundial Sub-17. O jogador pertence aos&hellip;\n","protected":false},"author":2,"featured_media":176111,"comment_status":"","ping_status":"","sticky":false,"template":"","format":"standard","meta":{"footnotes":""},"categories":[87],"tags":[260,51,135,282,21753,32,479,33,134],"class_list":{"0":"post-176110","1":"post","2":"type-post","3":"status-publish","4":"format-standard","5":"has-post-thumbnail","7":"category-desporto","8":"tag-atualidade","9":"tag-benfica","10":"tag-desporto","11":"tag-fc-porto","12":"tag-mateus-mide","13":"tag-portugal","14":"tag-primeira-liga","15":"tag-pt","16":"tag-sports"},"share_on_mastodon":{"url":"https:\/\/pubeurope.com\/@pt\/115664156425415339","error":""},"_links":{"self":[{"href":"https:\/\/www.europesays.com\/pt\/wp-json\/wp\/v2\/posts\/176110","targetHints":{"allow":["GET"]}}],"collection":[{"href":"https:\/\/www.europesays.com\/pt\/wp-json\/wp\/v2\/posts"}],"about":[{"href":"https:\/\/www.europesays.com\/pt\/wp-json\/wp\/v2\/types\/post"}],"author":[{"embeddable":true,"href":"https:\/\/www.europesays.com\/pt\/wp-json\/wp\/v2\/users\/2"}],"replies":[{"embeddable":true,"href":"https:\/\/www.europesays.com\/pt\/wp-json\/wp\/v2\/comments?post=176110"}],"version-history":[{"count":0,"href":"https:\/\/www.europesays.com\/pt\/wp-json\/wp\/v2\/posts\/176110\/revisions"}],"wp:featuredmedia":[{"embeddable":true,"href":"https:\/\/www.europesays.com\/pt\/wp-json\/wp\/v2\/media\/176111"}],"wp:attachment":[{"href":"https:\/\/www.europesays.com\/pt\/wp-json\/wp\/v2\/media?parent=176110"}],"wp:term":[{"taxonomy":"category","embeddable":true,"href":"https:\/\/www.europesays.com\/pt\/wp-json\/wp\/v2\/categories?post=176110"},{"taxonomy":"post_tag","embeddable":true,"href":"https:\/\/www.europesays.com\/pt\/wp-json\/wp\/v2\/tags?post=176110"}],"curies":[{"name":"wp","href":"https:\/\/api.w.org\/{rel}","templated":true}]}}