{"id":176157,"date":"2025-12-05T01:37:02","date_gmt":"2025-12-05T01:37:02","guid":{"rendered":"https:\/\/www.europesays.com\/pt\/176157\/"},"modified":"2025-12-05T01:37:02","modified_gmt":"2025-12-05T01:37:02","slug":"gnr-de-folga-trava-roubo-com-faca-de-cozinha-num-supermercado","status":"publish","type":"post","link":"https:\/\/www.europesays.com\/pt\/176157\/","title":{"rendered":"GNR de folga trava roubo com faca de cozinha num supermercado"},"content":{"rendered":"<p data-remotead-prev-elm=\"true\" data-remotead-elm-id=\"inread\">O Comando Territorial de Set\u00fabal da GNR explicou, em comunicado, que o caso ocorreu, na ter\u00e7a-feira, quando &#8220;uma militar da Guarda, que se encontrava de folga, teve conhecimento de que estava a acontecer um roubo num supermercado com recurso a uma faca&#8221;.<\/p>\n<p>&#8220;Com o apoio de outro militar, ambos deslocaram-se ao local da ocorr\u00eancia e procederam \u00e0 deten\u00e7\u00e3o do suspeito&#8221;, adiantou.<\/p>\n<p>Segundo a GNR, al\u00e9m da deten\u00e7\u00e3o do suspeito, foi tamb\u00e9m apreendida &#8220;uma faca de cozinha, utilizada para consumar o roubo&#8221;.<\/p>\n<p>Na quarta-feira, o detido foi presente a primeiro interrogat\u00f3rio judicial no Tribunal Judicial de Santiago do Cac\u00e9m, tendo-lhe sido aplicada a medida de coa\u00e7\u00e3o de pris\u00e3o preventiva.<\/p>\n","protected":false},"excerpt":{"rendered":"O Comando Territorial de Set\u00fabal da GNR explicou, em comunicado, que o caso ocorreu, na ter\u00e7a-feira, quando &#8220;uma&hellip;\n","protected":false},"author":2,"featured_media":176158,"comment_status":"","ping_status":"","sticky":false,"template":"","format":"standard","meta":{"footnotes":""},"categories":[10],"tags":[27,28,3853,15,16,14,603,25,26,21,22,12,13,19,20,32,23,24,33,6746,17,18,29,30,31],"class_list":{"0":"post-176157","1":"post","2":"type-post","3":"status-publish","4":"format-standard","5":"has-post-thumbnail","7":"category-portugal","8":"tag-breaking-news","9":"tag-breakingnews","10":"tag-detencao","11":"tag-featured-news","12":"tag-featurednews","13":"tag-headlines","14":"tag-justica","15":"tag-latest-news","16":"tag-latestnews","17":"tag-main-news","18":"tag-mainnews","19":"tag-news","20":"tag-noticias","21":"tag-noticias-principais","22":"tag-noticiasprincipais","23":"tag-portugal","24":"tag-principais-noticias","25":"tag-principaisnoticias","26":"tag-pt","27":"tag-sines","28":"tag-top-stories","29":"tag-topstories","30":"tag-ultimas","31":"tag-ultimas-noticias","32":"tag-ultimasnoticias"},"share_on_mastodon":{"url":"https:\/\/pubeurope.com\/@pt\/115664403978038343","error":""},"_links":{"self":[{"href":"https:\/\/www.europesays.com\/pt\/wp-json\/wp\/v2\/posts\/176157","targetHints":{"allow":["GET"]}}],"collection":[{"href":"https:\/\/www.europesays.com\/pt\/wp-json\/wp\/v2\/posts"}],"about":[{"href":"https:\/\/www.europesays.com\/pt\/wp-json\/wp\/v2\/types\/post"}],"author":[{"embeddable":true,"href":"https:\/\/www.europesays.com\/pt\/wp-json\/wp\/v2\/users\/2"}],"replies":[{"embeddable":true,"href":"https:\/\/www.europesays.com\/pt\/wp-json\/wp\/v2\/comments?post=176157"}],"version-history":[{"count":0,"href":"https:\/\/www.europesays.com\/pt\/wp-json\/wp\/v2\/posts\/176157\/revisions"}],"wp:featuredmedia":[{"embeddable":true,"href":"https:\/\/www.europesays.com\/pt\/wp-json\/wp\/v2\/media\/176158"}],"wp:attachment":[{"href":"https:\/\/www.europesays.com\/pt\/wp-json\/wp\/v2\/media?parent=176157"}],"wp:term":[{"taxonomy":"category","embeddable":true,"href":"https:\/\/www.europesays.com\/pt\/wp-json\/wp\/v2\/categories?post=176157"},{"taxonomy":"post_tag","embeddable":true,"href":"https:\/\/www.europesays.com\/pt\/wp-json\/wp\/v2\/tags?post=176157"}],"curies":[{"name":"wp","href":"https:\/\/api.w.org\/{rel}","templated":true}]}}