{"id":176163,"date":"2025-12-05T01:43:14","date_gmt":"2025-12-05T01:43:14","guid":{"rendered":"https:\/\/www.europesays.com\/pt\/176163\/"},"modified":"2025-12-05T01:43:14","modified_gmt":"2025-12-05T01:43:14","slug":"5-musicas-solo-dos-membros-do-bts-que-dominaram-2025","status":"publish","type":"post","link":"https:\/\/www.europesays.com\/pt\/176163\/","title":{"rendered":"5 m\u00fasicas solo dos membros do BTS que dominaram 2025"},"content":{"rendered":"<p>Nesta quinta-feira, 04, o Spotify revelou os resultados do Wrapped, a companha anual que traz as musicais, \u00e1lbuns e artistas mais escutados pelos assinantes, os quais acabaram revelando quais s\u00e3o as faixas solo mais ouvidas dos integrantes do <a href=\"https:\/\/recreio.com.br\/tags\/bts\" target=\"_blank\" rel=\"noopener nofollow\">BTS<\/a>.<\/p>\n<p>Os resultados foram divididos em duas paradas: global e coreana, e alguns dos membros do BTS acabaram emplacando faixas nos dois rankings; veja quais s\u00e3o as m\u00fasicas que aparecem:<\/p>\n<p> 1. \u201cWho\u201d \u2013 Jimin <\/p>\n<p>Em primeiro lugar na parada coreana de m\u00fasicas de k-pop mais ouvidas est\u00e1 \u201cWho\u201d, o lead single de segundo \u00e1lbum de est\u00fadio de <a href=\"https:\/\/www.instagram.com\/j.m\" target=\"_blank\" rel=\"noopener nofollow\"><strong>Jimin<\/strong><\/a>: \u201cMuse\u201d. Na parada mundial, a faixa aparece na terceira posi\u00e7\u00e3o, atr\u00e1s apenas de \u201cAPT.\u201d, de <strong>Ros\u00e9<\/strong> e <strong>Bruno Mars<\/strong>, e \u201cGolden\u201d, do HUNTR\/X, grupo fict\u00edcio da anima\u00e7\u00e3o \u201cGuerreiras do K-pop\u201d.<\/p>\n<p>A can\u00e7\u00e3o, que fala sobre um amor desejado que ainda n\u00e3o se concretizou, foi lan\u00e7ada em 19 de julho de 2024 e veio acompanhada de um MV.<\/p>\n<p>\t 2. \u201cDon\u2019t Say You Love Me\u201d \u2013 Jin <\/p>\n<p>Na parada coreana, \u201cDon\u2019t Say You Love Me\u201d, de <a href=\"https:\/\/pt.wikipedia.org\/wiki\/Jin_(cantor)\" target=\"_blank\" rel=\"noopener nofollow\"><strong>Jin<\/strong><\/a>, aparece na segunda posi\u00e7\u00e3o. J\u00e1 no ranking que re\u00fane sucessos do mundo inteiro, a can\u00e7\u00e3o surge em quarto lugar.<\/p>\n<p>Lead single do segundo \u00e1lbum de <strong>Jin<\/strong>, intitulado \u201cEcho\u201d, a m\u00fasica traz na letra sentimentos e reflex\u00f5es dolorosas sobre um t\u00e9rmino de um relacionamento. O clipe foi lan\u00e7ado em 16 de maio deste ano.<\/p>\n<p> 3. \u201cSeven (feat. Latto)\u201d \u2013 Jungkook <\/p>\n<p>Single que marcou o debut solo oficial de <strong>Jungkook<\/strong> em 14 de julho de 2023, \u201cSeven (feat. Latto)\u201d est\u00e1 em terceiro lugar no ranking coreano e em oitavo no global. A letra reflete sobre um amor intenso e viciante que se repete dia ap\u00f3s dia.<\/p>\n<p> 4. \u201cWinter Ahead (with Park Hyo Jin)\u201d \u2013 V, Park Hyo Shin <\/p>\n<p>Lan\u00e7ada enquanto<strong> V<\/strong> cumpria o alistamento militar, \u201cWinter Ahead\u201d chegou as plataformas de streaming de \u00e1udio em 29 de novembro de 2024, trazendo ainda mais uma voz, j\u00e1 que o single resultado da parceria com <strong>Park Hyo Shin<\/strong>. A m\u00fasica ocupa a quarta posi\u00e7\u00e3o no ranking coreano.<\/p>\n<blockquote>\n<p>\u201cWinter Ahead (com Park Hyo Shin)\u201d \u00e9 uma m\u00fasica jazz-pop com uma vibra\u00e7\u00e3o pesada que mostra as cores pac\u00edficas das vozes dos dois artistas\u201d, escreveu a <a href=\"https:\/\/ibighit.com\/\" target=\"_blank\" rel=\"noopener nofollow\">BIGHIT MUSIC<\/a>, empresa respons\u00e1vel pela gest\u00e3o de carreira do cantor, em um comunicado de divulga\u00e7\u00e3o na \u00e9poca. \u201cA m\u00fasica fala que a felicidade pode ser encontrada em estar com algu\u00e9m ao seu lado\u201d.<\/p>\n<\/blockquote>\n<p> 5. \u201cStanding Next to You\u201d \u2013 Jungkook <\/p>\n<p>Encerrando o top 5 da parada coreana est\u00e1 \u201cStanding Next to You\u201d, de <strong>Jungkook<\/strong>, faixa presente no disco \u201cGolden\u201d, lan\u00e7ado em 3 de novembro. Na letra, o idol canta sobre um amor forte que supera qualquer adversidade.<\/p>\n<p>        <a href=\"https:\/\/recreio.com.br\/noticias\/author\/izabela-queiroz\" rel=\"nofollow noopener\" target=\"_blank\">&#13;<br \/>\n          <img loading=\"lazy\" alt=\"Izabela Queiroz\" src=\"https:\/\/www.europesays.com\/pt\/wp-content\/uploads\/2025\/12\/1764898994_571_73c0b9c1056486c3f0ac887fc031213cdd608512c3b419d28e1ba5da81c3eb12\"  class=\"avatar avatar-115 photo rounded-circle mr-3\" height=\"115\" width=\"115\" decoding=\"async\"\/>        <\/a><\/p>\n<p>Izabela Queiroz, jornalista por paix\u00e3o e cin\u00e9fila de carteirinha. Formada pela UNINOVE, encontrou na escrita o lugar ideal para unir tudo o que mais gosta: filmes, s\u00e9ries e m\u00fasica. Nos textos, h\u00e1 quase sempre refer\u00eancias a algo relacionado \u00e0 cultura pop que a marcou. Fora deles, a encontrar\u00e1 assistindo hist\u00f3rias com reviravoltas chocantes, romances cativantes e dramas que a fazem chorar.<\/p>\n<p>\t                                            <script async src=\"\/\/www.instagram.com\/embed.js\"><\/script><\/p>\n","protected":false},"excerpt":{"rendered":"Nesta quinta-feira, 04, o Spotify revelou os resultados do Wrapped, a companha anual que traz as musicais, \u00e1lbuns&hellip;\n","protected":false},"author":2,"featured_media":176164,"comment_status":"","ping_status":"","sticky":false,"template":"","format":"standard","meta":{"footnotes":""},"categories":[141],"tags":[2344,114,115,8003,20045,12422,149,150,2448,32,33,36493],"class_list":{"0":"post-176163","1":"post","2":"type-post","3":"status-publish","4":"format-standard","5":"has-post-thumbnail","7":"category-musica","8":"tag-bts","9":"tag-entertainment","10":"tag-entretenimento","11":"tag-jimin","12":"tag-jin","13":"tag-jungkook","14":"tag-music","15":"tag-musica","16":"tag-musicas","17":"tag-portugal","18":"tag-pt","19":"tag-standing-next-to-you"},"share_on_mastodon":{"url":"https:\/\/pubeurope.com\/@pt\/115664428559845768","error":""},"_links":{"self":[{"href":"https:\/\/www.europesays.com\/pt\/wp-json\/wp\/v2\/posts\/176163","targetHints":{"allow":["GET"]}}],"collection":[{"href":"https:\/\/www.europesays.com\/pt\/wp-json\/wp\/v2\/posts"}],"about":[{"href":"https:\/\/www.europesays.com\/pt\/wp-json\/wp\/v2\/types\/post"}],"author":[{"embeddable":true,"href":"https:\/\/www.europesays.com\/pt\/wp-json\/wp\/v2\/users\/2"}],"replies":[{"embeddable":true,"href":"https:\/\/www.europesays.com\/pt\/wp-json\/wp\/v2\/comments?post=176163"}],"version-history":[{"count":0,"href":"https:\/\/www.europesays.com\/pt\/wp-json\/wp\/v2\/posts\/176163\/revisions"}],"wp:featuredmedia":[{"embeddable":true,"href":"https:\/\/www.europesays.com\/pt\/wp-json\/wp\/v2\/media\/176164"}],"wp:attachment":[{"href":"https:\/\/www.europesays.com\/pt\/wp-json\/wp\/v2\/media?parent=176163"}],"wp:term":[{"taxonomy":"category","embeddable":true,"href":"https:\/\/www.europesays.com\/pt\/wp-json\/wp\/v2\/categories?post=176163"},{"taxonomy":"post_tag","embeddable":true,"href":"https:\/\/www.europesays.com\/pt\/wp-json\/wp\/v2\/tags?post=176163"}],"curies":[{"name":"wp","href":"https:\/\/api.w.org\/{rel}","templated":true}]}}