{"id":176177,"date":"2025-12-05T02:00:14","date_gmt":"2025-12-05T02:00:14","guid":{"rendered":"https:\/\/www.europesays.com\/pt\/176177\/"},"modified":"2025-12-05T02:00:14","modified_gmt":"2025-12-05T02:00:14","slug":"turista-existencial-do-indie-folk-beirut-volta-ao-brasil-apos-17-anos","status":"publish","type":"post","link":"https:\/\/www.europesays.com\/pt\/176177\/","title":{"rendered":"Turista existencial do indie-folk, Beirut volta ao Brasil ap\u00f3s 17 anos"},"content":{"rendered":"<p> <img width=\"1024\" height=\"683\" src=\"https:\/\/www.europesays.com\/pt\/wp-content\/uploads\/2025\/12\/Beirut-1024x683.jpg\" class=\"attachment-large size-large wp-post-image\" alt=\"Beirut\" decoding=\"async\" fetchpriority=\"high\"  \/> Foto: Divulga\u00e7\u00e3o<\/p>\n<p>O que voc\u00ea faz quando nasce e cresce em uma cidade chata pra caramba, onde nada acontece? Se for esperto, volta-se para o mundo, procurando saber o que existe de excitante fora daquela pequena bolha des\u00e9rtica onde, por asar, a cegonha lhe largou. Se tiver talento para a m\u00fasica, melhor. Usa a arte como express\u00e3o da sua inquieta\u00e7\u00e3o geogr\u00e1fica, um apelo desesperado com uma mensagem de \u201cpelamordedeus, me tira daqui!\u201d. Foi o que fez o geniozinho musical <strong>Zach Condon<\/strong>, um trompetista de forma\u00e7\u00e3o que fundou a banda que \u00e9 um dos grandes destaques da programa\u00e7\u00e3o do <a href=\"https:\/\/musicnonstop.uol.com.br\/tags\/c6-fest\/\" target=\"_blank\" rel=\"noopener nofollow\"><strong>C6 Fest 2026<\/strong><\/a>, o <strong>Beirut<\/strong>.<\/p>\n<p> <a class=\"rps-thumb\" href=\"https:\/\/musicnonstop.uol.com.br\/com-the-xx-e-robert-plant-c6-fest-2026-divulga-line-up-completo\/\" rel=\"nofollow noopener\" target=\"_blank\"><img loading=\"lazy\" decoding=\"async\" width=\"150\" height=\"150\" src=\"https:\/\/www.europesays.com\/pt\/wp-content\/uploads\/2025\/12\/C6-Fest-2025-150x150.webp.webp\" class=\"attachment-thumbnail size-thumbnail wp-post-image\" alt=\"Line-up C6 Fest 2026\"  \/><\/a><\/p>\n<p>Um grupo de um homem s\u00f3 que misturou, com excel\u00eancia, indie rock com m\u00fasica balc\u00e2nica, francesa, mexicana e muito mais, desde que n\u00e3o fosse original de Santa F\u00e9, a pacata cidade do Novo M\u00e9xico, Estados Unidos, onde nasceu.<\/p>\n<p>A revela\u00e7\u00e3o art\u00edstica de Condon veio quando ele resolveu tirar a poeira dos sapatos e fazer um mochil\u00e3o pela Europa, aos 16 anos. L\u00e1, ouviu muita m\u00fasica de circo, de fanfarra e de rua. Conheceu a cultura tradicional de v\u00e1rios pa\u00edses. Encontrou-se. Tanto que, no come\u00e7o da carreira, citava o jazz, a m\u00fasica dos B\u00e1lc\u00e3s, os filmes de <strong>Federico Fellini<\/strong> e a m\u00fasica dos funerais da Sic\u00edlia como influ\u00eancias principais. \u00c9 doido ou n\u00e3o?<\/p>\n<p>O interesse pelo que acontecia fora de sua terra natal norteou tudo o que Condon fez na vida desde ent\u00e3o. Ao voltar da viagem pela Europa, foi estudar portugu\u00eas! Enfurnou-se em casa e gravou, quase sozinho, o primeiro o disco da banda que nomeou \u201cBeirut\u201d, capital do L\u00edbano. Em 2006, lan\u00e7ou seu \u00e1lbum de estreia, <strong>Gulag Orkestar<\/strong>. Uma maluquice que proporciona ao ouvinte uma sensa\u00e7\u00e3o de passear vendado em uma m\u00e1quina do tempo. N\u00e3o se sabe se est\u00e1 pisando no M\u00e9xico, no Oriente M\u00e9dio ou em ruelas da Fran\u00e7a. Cada m\u00fasica fala sobre um lugar diferente, como <strong>Brandemburg<\/strong>, <strong>Bratislava<\/strong>, <strong>The Bunker<\/strong> ou <strong>Postcards From Italy<\/strong>.<\/p>\n<p>Claro que chamou a aten\u00e7\u00e3o da descol\u00e2ndia mundial. O projeto foi catalogado como \u201cindie-folk\u201d, embora seja muito mais folk do que indie. Altamente influenciado por <a href=\"https:\/\/musicnonstop.uol.com.br\/tags\/david-byrne\/\" target=\"_blank\" rel=\"noopener nofollow\"><strong>David Byrne<\/strong><\/a>, outro artista sem fronteiras, Condon mostrava o mundo aos seus conterr\u00e2neos.<\/p>\n<p>Seu segundo \u00e1lbum, <a href=\"https:\/\/www.youtube.com\/watch?v=--QTTu-lm0A\" target=\"_blank\" rel=\"noopener nofollow\"><strong>The Flying Club Cup<\/strong><\/a> (2007) foi escrito e gravado durante uma imers\u00e3o do artista na cultura francesa, em especial a da \u00e9poca entre 1920 e 1950. Mais um grande disco. Tanta devo\u00e7\u00e3o aos ritmos e climas europeus renderam convites para fazer sua primeira turn\u00ea pelo velho continente. Finalmente a m\u00fasica levaria o Beirut, fisicamente, para os lugares que seu criador tanto amava.<\/p>\n<p>Cancela tudo!<\/p>\n<p>Alegando estresse, problemas vocais e a falta de condi\u00e7\u00f5es em fazer um show \u201chumanamente poss\u00edvel\u201d, Zach Condon fugiu da Europa, seu grande terreiro musical, por duas vezes. Em 2006, cancelou as datas europeias. Em 2008, com tudo confirmado, voltou a estragar a festa dos f\u00e3s europeus. Preferiu viajar para o M\u00e9xico, lan\u00e7ar uma gravadora independente (a <strong>Pompeii Records<\/strong>) e fazer um novo disco, dividido em dois lados completamente opostos. Um dedicado \u00e0s suas recentes experi\u00eancias mexicanas, chamado <strong>March of the Zapotec<\/strong>, e um lado B batizado de <strong>Real People Holland<\/strong>, com m\u00fasica eletr\u00f4nica! Zach n\u00e3o queria, ao que parece, ser compreendido, e s\u00f3 foi fazer sua primeira tour no Velho Continente em 2011.<\/p>\n<p>No Brasil, a hist\u00f3ria foi parecida. A primeira e \u00fanica turn\u00ea no pa\u00eds aconteceu em 2009, com shows em Salvador, Rio de Janeiro, S\u00e3o Paulo e Recife, na esteira do sucesso do single <strong>Elephant Gun<\/strong>, que integrou a trilha sonora da micross\u00e9rie da <strong>Globo<\/strong>, <strong>Capitu<\/strong>, no ano anterior. Depois, a banda teve apresenta\u00e7\u00f5es marcadas por aqui em 2014 e em 2019, mas canceladas por quest\u00f5es de sa\u00fade de seu idealizador. Ou seja, esta ser\u00e1 apenas a segunda passagem do grupo por aqui, depois de 17 anos.<\/p>\n<p>E \u00e9 justamente esse mist\u00e9rio o molde do Beirut. Aos trancos e barrancos, foi lan\u00e7ado mais e mais \u00e1lbuns, entremeados por pausas na carreira e cachoeiras de genialidade. Sincer\u00e3o, s\u00f3 ca\u00eda no est\u00fadio quando tinha algo realmente bom para fazer. Assim foram nascendo seus discos seguintes.<\/p>\n<p>Alguns seguiram contando hist\u00f3rias de suas viagens para fora, e outros sobre suas viagens para dentro, falando sobre derrotas e vit\u00f3rias pessoais e a celebra\u00e7\u00e3o da vida. Caso de seus mais recente lan\u00e7amento, belamente batizado de <strong>A Study of Losses<\/strong> (2025) (\u201cum estudo de perdas\u201d, em portugu\u00eas). A cada lan\u00e7amento, o homem foi aglutinando milhas a\u00e9reas com autoconhecimento. O \u00faltimo trabalho representa muito disso. Congrega a hist\u00f3ria do projeto em uma obra s\u00f3, seguindo europeu, folk, eletr\u00f4nico e l\u00edrico.<\/p>\n<p>Condon n\u00e3o se apresenta sozinho. Desde os primeiros passos com o Beirut, se cercou de colaboradores que se confundem como integrantes fixos, m\u00fasicos de apoio e camaradas de est\u00fadio. A chamada \u201cconfigura\u00e7\u00e3o cl\u00e1ssica\u201d do grupo conta com <strong>Nick Petree<\/strong> (bateria\/percuss\u00e3o), <strong>Paul Collins<\/strong> (contrabaixo), <strong>Kyle Resnick<\/strong> (trompete\/metais), <strong>Ben Lanz<\/strong> (trombone\/sousafone\/outros metais\/percuss\u00e3o) e <strong>Aaron Arntz<\/strong> (piano\/teclados\/sintetizadores). Mas a tripula\u00e7\u00e3o muda conforme o tamanho e o destino do barco. Quem sobe ao palco no C6 Fest do 2026 segue como um gostoso mist\u00e9rio.<\/p>\n<p>Fato concreto sobre o pr\u00f3ximo show no Brasil \u00e9 que ser\u00e1, definitivamente, uma viagem.<\/p>\n<p><strong><a href=\"http:\/\/%E2%80%AAhttps\/\/whatsapp.com\/channel\/0029Var39FaHbFV0mr2g6U1y\" rel=\"nofollow\">+ Participe do canal de WhatsApp do Music Non Stop para conferir todas as not\u00edcias em primeira m\u00e3o e receber conte\u00fados exclusivos<\/a><\/strong><strong><a href=\"https:\/\/www.instagram.com\/musicnonstopweb\/\" rel=\"nofollow noopener\" target=\"_blank\">+ Siga o Music Non Stop no Instagram para ficar atualizado sobre as novidades do mundo da m\u00fasica e da cultura<\/a><\/strong> <a href=\"https:\/\/musicnonstop.uol.com.br\/author\/jotawagner\/\" rel=\"nofollow noopener\" target=\"_blank\"> <img loading=\"lazy\" decoding=\"async\" alt=\"Jota Wagner\" src=\"https:\/\/www.europesays.com\/pt\/wp-content\/uploads\/2025\/09\/178776193_10222966477363490_1153757738417113280_n-150x150.jpg\" class=\"lazy avatar avatar-96 photo\" height=\"96\" width=\"96\"\/> <\/a><\/p>\n<p class=\"author-name\"><a href=\"https:\/\/musicnonstop.uol.com.br\/author\/jotawagner\/\" rel=\"nofollow noopener\" target=\"_blank\">Jota Wagner<\/a><\/p>\n<p class=\"author-description\">Jota Wagner escreve, discoteca e faz festas no Brasil e Europa desde o come\u00e7o da d\u00e9cada de 90. Atualmente \u00e9 rep\u00f3rter especial de cultura no Music Non Stop e produtor cultural na Ag\u00eancia 55. Contribuiu, usando os ouvidos, os p\u00e9s ou as m\u00e3os, com a aurora da m\u00fasica eletr\u00f4nica brasileira.<\/p>\n<p><script async src=\"\/\/www.instagram.com\/embed.js\"><\/script><\/p>\n","protected":false},"excerpt":{"rendered":"Foto: Divulga\u00e7\u00e3o O que voc\u00ea faz quando nasce e cresce em uma cidade chata pra caramba, onde nada&hellip;\n","protected":false},"author":2,"featured_media":176178,"comment_status":"","ping_status":"","sticky":false,"template":"","format":"standard","meta":{"footnotes":""},"categories":[141],"tags":[36495,726,36496,114,115,6716,36497,36498,149,150,32,33,574,7465],"class_list":{"0":"post-176177","1":"post","2":"type-post","3":"status-publish","4":"format-standard","5":"has-post-thumbnail","7":"category-musica","8":"tag-beirut","9":"tag-brasil","10":"tag-c6-fest","11":"tag-entertainment","12":"tag-entretenimento","13":"tag-folk","14":"tag-folk-rock","15":"tag-indie-folk","16":"tag-music","17":"tag-musica","18":"tag-portugal","19":"tag-pt","20":"tag-show","21":"tag-shows"},"share_on_mastodon":{"url":"https:\/\/pubeurope.com\/@pt\/115664494907292937","error":""},"_links":{"self":[{"href":"https:\/\/www.europesays.com\/pt\/wp-json\/wp\/v2\/posts\/176177","targetHints":{"allow":["GET"]}}],"collection":[{"href":"https:\/\/www.europesays.com\/pt\/wp-json\/wp\/v2\/posts"}],"about":[{"href":"https:\/\/www.europesays.com\/pt\/wp-json\/wp\/v2\/types\/post"}],"author":[{"embeddable":true,"href":"https:\/\/www.europesays.com\/pt\/wp-json\/wp\/v2\/users\/2"}],"replies":[{"embeddable":true,"href":"https:\/\/www.europesays.com\/pt\/wp-json\/wp\/v2\/comments?post=176177"}],"version-history":[{"count":0,"href":"https:\/\/www.europesays.com\/pt\/wp-json\/wp\/v2\/posts\/176177\/revisions"}],"wp:featuredmedia":[{"embeddable":true,"href":"https:\/\/www.europesays.com\/pt\/wp-json\/wp\/v2\/media\/176178"}],"wp:attachment":[{"href":"https:\/\/www.europesays.com\/pt\/wp-json\/wp\/v2\/media?parent=176177"}],"wp:term":[{"taxonomy":"category","embeddable":true,"href":"https:\/\/www.europesays.com\/pt\/wp-json\/wp\/v2\/categories?post=176177"},{"taxonomy":"post_tag","embeddable":true,"href":"https:\/\/www.europesays.com\/pt\/wp-json\/wp\/v2\/tags?post=176177"}],"curies":[{"name":"wp","href":"https:\/\/api.w.org\/{rel}","templated":true}]}}