{"id":176212,"date":"2025-12-05T02:58:14","date_gmt":"2025-12-05T02:58:14","guid":{"rendered":"https:\/\/www.europesays.com\/pt\/176212\/"},"modified":"2025-12-05T02:58:14","modified_gmt":"2025-12-05T02:58:14","slug":"exclusivo-gloria-pires-fala-sobre-estreia-como-diretora-de-cinema-e-chegada-aos-60-anos-libertador-record","status":"publish","type":"post","link":"https:\/\/www.europesays.com\/pt\/176212\/","title":{"rendered":"Exclusivo: Gloria Pires fala sobre estreia como diretora de cinema e chegada aos 60 anos: \u2018Libertador\u2019 \u2013 Record"},"content":{"rendered":"<p><img decoding=\"async\" data-chromatic=\"ignore\" alt=\"\" class=\"c-image\" loading=\"lazy\" src=\"https:\/\/www.europesays.com\/pt\/wp-content\/uploads\/2025\/12\/PRGTXHA4KJBPFKXPLDBUOQTUII.png\"  width=\"677\" height=\"369\"\/>Carolina Ferraz entrevista a atriz Gloria Pires no Domingo Espetacular desta semana (7) Divulga\u00e7\u00e3o\/RECORD <\/p>\n<p class=\"jarvics:base-text-neutral-high-400 base-text-[calc(theme(fontSize.xs)_*_var(--font-size,_1))] base-font-normal base-font-primary base-text-neutral-low-500 base-text-left\">No pr\u00f3ximo <a href=\"https:\/\/record.r7.com\/domingo-espetacular\/\" target=\"_self\" rel=\"nofollow noopener\" title=\"https:\/\/record.r7.com\/domingo-espetacular\/\"><b>Domingo Espetacular<\/b><\/a> (7), Gloria Pires recebe Carolina Ferraz para uma entrevista exclusiva em que elas falam sobre um tema que cada vez mais tem ganhado espa\u00e7o: como as mulheres t\u00eam encarado o envelhecimento de uma maneira diferente, abrindo espa\u00e7o para novas experi\u00eancias e projetos. <\/p>\n<p class=\"jarvics:base-text-neutral-high-400 base-text-[calc(theme(fontSize.xs)_*_var(--font-size,_1))] base-font-normal base-font-primary base-text-neutral-low-500 base-text-left\">Uma fase em que a pr\u00f3pria Gloria conta estar vivenciando com transforma\u00e7\u00f5es significativas em sua trajet\u00f3ria pessoal e profissional. No bate-papo, ela comenta os desafios da estreia como diretora de cinema e os planos para mudar n\u00e3o s\u00f3 de carreira, mas tamb\u00e9m de casa. <\/p>\n<p class=\"jarvics:base-text-neutral-high-400 base-text-[calc(theme(fontSize.xs)_*_var(--font-size,_1))] base-font-normal base-font-primary base-text-neutral-low-500 base-text-left\">Desde crian\u00e7a, Gloria Pires brilha na TV como uma das atrizes mais consagradas do pa\u00eds, dona de um indiscut\u00edvel talento. Apesar da carreira consolidada, ela explica como surgiu um desafio in\u00e9dito: atuar atr\u00e1s das c\u00e2meras.<\/p>\n<p class=\"jarvics:base-text-neutral-high-400 base-text-[calc(theme(fontSize.xs)_*_var(--font-size,_1))] base-font-normal base-font-primary base-text-neutral-low-500 base-text-left\">Questionada por Carolina se havia passado por uma curva de aprendizado na maturidade, a atriz afirma: \u201cAssim como os 30 foram reveladores, os 60 tamb\u00e9m foram libertadores. Chegar finalmente a esse lugar, poder assumir os meus cabelos brancos, foi uma coisa poderosa para mim\u201d. <\/p>\n<p class=\"jarvics:base-text-neutral-high-400 base-text-[calc(theme(fontSize.xs)_*_var(--font-size,_1))] base-font-normal base-font-primary base-text-neutral-low-500 base-text-left\">O <a href=\"https:\/\/record.r7.com\/domingo-espetacular\/\" rel=\"nofollow noopener\" title=\"https:\/\/record.r7.com\/domingo-espetacular\/\" target=\"_blank\"><b>Domingo Espetacular<\/b><\/a>, apresentado por Roberto Cabrini e Carolina Ferraz, vai ao ar \u00e0s 18h15, ap\u00f3s o <a href=\"https:\/\/record.r7.com\/acerte-ou-caia\/\" rel=\"nofollow noopener\" title=\"https:\/\/record.r7.com\/acerte-ou-caia\/\" target=\"_blank\"><b>Acerte ou Caia!<\/b><\/a><\/p>\n","protected":false},"excerpt":{"rendered":"Carolina Ferraz entrevista a atriz Gloria Pires no Domingo Espetacular desta semana (7) Divulga\u00e7\u00e3o\/RECORD No pr\u00f3ximo Domingo Espetacular&hellip;\n","protected":false},"author":2,"featured_media":176213,"comment_status":"","ping_status":"","sticky":false,"template":"","format":"standard","meta":{"footnotes":""},"categories":[145],"tags":[3287,211,210,7547,114,115,32,33,3288],"class_list":{"0":"post-176212","1":"post","2":"type-post","3":"status-publish","4":"format-standard","5":"has-post-thumbnail","7":"category-celebridades","8":"tag-carolina-ferraz","9":"tag-celebridades","10":"tag-celebrities","11":"tag-domingo-espetacular","12":"tag-entertainment","13":"tag-entretenimento","14":"tag-portugal","15":"tag-pt","16":"tag-roberto-cabrini"},"share_on_mastodon":{"url":"https:\/\/pubeurope.com\/@pt\/115664722910968414","error":""},"_links":{"self":[{"href":"https:\/\/www.europesays.com\/pt\/wp-json\/wp\/v2\/posts\/176212","targetHints":{"allow":["GET"]}}],"collection":[{"href":"https:\/\/www.europesays.com\/pt\/wp-json\/wp\/v2\/posts"}],"about":[{"href":"https:\/\/www.europesays.com\/pt\/wp-json\/wp\/v2\/types\/post"}],"author":[{"embeddable":true,"href":"https:\/\/www.europesays.com\/pt\/wp-json\/wp\/v2\/users\/2"}],"replies":[{"embeddable":true,"href":"https:\/\/www.europesays.com\/pt\/wp-json\/wp\/v2\/comments?post=176212"}],"version-history":[{"count":0,"href":"https:\/\/www.europesays.com\/pt\/wp-json\/wp\/v2\/posts\/176212\/revisions"}],"wp:featuredmedia":[{"embeddable":true,"href":"https:\/\/www.europesays.com\/pt\/wp-json\/wp\/v2\/media\/176213"}],"wp:attachment":[{"href":"https:\/\/www.europesays.com\/pt\/wp-json\/wp\/v2\/media?parent=176212"}],"wp:term":[{"taxonomy":"category","embeddable":true,"href":"https:\/\/www.europesays.com\/pt\/wp-json\/wp\/v2\/categories?post=176212"},{"taxonomy":"post_tag","embeddable":true,"href":"https:\/\/www.europesays.com\/pt\/wp-json\/wp\/v2\/tags?post=176212"}],"curies":[{"name":"wp","href":"https:\/\/api.w.org\/{rel}","templated":true}]}}