{"id":176234,"date":"2025-12-05T03:26:10","date_gmt":"2025-12-05T03:26:10","guid":{"rendered":"https:\/\/www.europesays.com\/pt\/176234\/"},"modified":"2025-12-05T03:26:10","modified_gmt":"2025-12-05T03:26:10","slug":"miss-e-apresentadora-de-tv-morre-aos-28-anos-apos-documentar-batalha-contra-doenca-nas-redes","status":"publish","type":"post","link":"https:\/\/www.europesays.com\/pt\/176234\/","title":{"rendered":"Miss e apresentadora de TV morre aos 28 anos ap\u00f3s documentar batalha contra doen\u00e7a nas redes"},"content":{"rendered":"\n<p>A apresentadora de televis\u00e3o e miss guatemalteca Raquel Escalante morreu aos 28 anos, ap\u00f3s enfrentar um c\u00e2ncer de colo de \u00fatero. A not\u00edcia foi confirmada pela TV Azteca Guate, emissora em que a famosa trabalhava.<\/p>\n<p>&#8220;Escalante se tornou uma das figuras mais queridas da emissora com seu carisma, profissionalismo e dedica\u00e7\u00e3o inigual\u00e1vel. Sua trajet\u00f3ria como atriz, modelo, comunicadora e miss deixou uma marca inesquec\u00edvel na televis\u00e3o guatemalteca e em milhares de lares que a acompanharam dia ap\u00f3s dia&#8221;, diz uma homenagem publicada no site da empresa.<\/p>\n<p>Segundo a nota, Escalante faleceu na \u00faltima sexta-feira (28).<\/p>\n<p>Em agosto de 2024, a apresentadora revelou que havia sido internada por conta de uma queda dos n\u00edveis de hemoglobina. Em outubro do mesmo ano, veio a confirma\u00e7\u00e3o de que ela estava com c\u00e2ncer. Na \u00e9poca, familiares criaram uma vaquinha virtual para ajudar com os custos do tratamento.<\/p>\n<p>&#8220;Estamos recorrendo a todas as pessoas bondosas que queiram ajudar com as despesas m\u00e9dicas dela, j\u00e1 que Raquel est\u00e1 muito doente&#8221;, dizia a descri\u00e7\u00e3o do financiamento coletivo. &#8220;Ela passou a maior parte do tempo no hospital desde fevereiro e teve que gastar muito. A fam\u00edlia adotiva a ajudou, no entanto, h\u00e1 situa\u00e7\u00f5es que est\u00e3o fora do nosso controle&#8221;.<\/p>\n<p>Escalante, que venceu o Miss Guatemala Intercontinental em 2021, passou os \u00faltimos meses distante das redes sociais. Antes disso, por\u00e9m, ela chegou a publicar v\u00eddeos no hospital, aparecendo com os cabelos raspados. Na legenda de um dos posts, ela se descreveu como uma &#8220;guerreira contra o c\u00e2ncer&#8221;.<\/p>\n","protected":false},"excerpt":{"rendered":"A apresentadora de televis\u00e3o e miss guatemalteca Raquel Escalante morreu aos 28 anos, ap\u00f3s enfrentar um c\u00e2ncer de&hellip;\n","protected":false},"author":2,"featured_media":176235,"comment_status":"","ping_status":"","sticky":false,"template":"","format":"standard","meta":{"footnotes":""},"categories":[145],"tags":[813,1776,211,210,10362,36509,19166,114,115,981,17736,15547,36510,36513,997,1789,36506,36512,17744,32,33,36511,218,36508,10369,36507],"class_list":{"0":"post-176234","1":"post","2":"type-post","3":"status-publish","4":"format-standard","5":"has-post-thumbnail","7":"category-celebridades","8":"tag-atriz","9":"tag-cancer","10":"tag-celebridades","11":"tag-celebrities","12":"tag-colo","13":"tag-comunicadora","14":"tag-despesas","15":"tag-entertainment","16":"tag-entretenimento","17":"tag-familia","18":"tag-financiamento","19":"tag-guatemala","20":"tag-guerreira","21":"tag-hemoglobina","22":"tag-homenagem","23":"tag-hospital","24":"tag-miss","25":"tag-miss-guatemala-intercontinental","26":"tag-modelo","27":"tag-portugal","28":"tag-pt","29":"tag-raquel-escalante","30":"tag-televisao","31":"tag-tv-azteca","32":"tag-utero","33":"tag-vaquinha"},"share_on_mastodon":{"url":"https:\/\/pubeurope.com\/@pt\/115664832634512231","error":""},"_links":{"self":[{"href":"https:\/\/www.europesays.com\/pt\/wp-json\/wp\/v2\/posts\/176234","targetHints":{"allow":["GET"]}}],"collection":[{"href":"https:\/\/www.europesays.com\/pt\/wp-json\/wp\/v2\/posts"}],"about":[{"href":"https:\/\/www.europesays.com\/pt\/wp-json\/wp\/v2\/types\/post"}],"author":[{"embeddable":true,"href":"https:\/\/www.europesays.com\/pt\/wp-json\/wp\/v2\/users\/2"}],"replies":[{"embeddable":true,"href":"https:\/\/www.europesays.com\/pt\/wp-json\/wp\/v2\/comments?post=176234"}],"version-history":[{"count":0,"href":"https:\/\/www.europesays.com\/pt\/wp-json\/wp\/v2\/posts\/176234\/revisions"}],"wp:featuredmedia":[{"embeddable":true,"href":"https:\/\/www.europesays.com\/pt\/wp-json\/wp\/v2\/media\/176235"}],"wp:attachment":[{"href":"https:\/\/www.europesays.com\/pt\/wp-json\/wp\/v2\/media?parent=176234"}],"wp:term":[{"taxonomy":"category","embeddable":true,"href":"https:\/\/www.europesays.com\/pt\/wp-json\/wp\/v2\/categories?post=176234"},{"taxonomy":"post_tag","embeddable":true,"href":"https:\/\/www.europesays.com\/pt\/wp-json\/wp\/v2\/tags?post=176234"}],"curies":[{"name":"wp","href":"https:\/\/api.w.org\/{rel}","templated":true}]}}