{"id":176242,"date":"2025-12-05T03:37:10","date_gmt":"2025-12-05T03:37:10","guid":{"rendered":"https:\/\/www.europesays.com\/pt\/176242\/"},"modified":"2025-12-05T03:37:10","modified_gmt":"2025-12-05T03:37:10","slug":"detido-em-lisboa-empresario-suspeito-de-criminalidade-altamente-organizada","status":"publish","type":"post","link":"https:\/\/www.europesays.com\/pt\/176242\/","title":{"rendered":"Detido em Lisboa empres\u00e1rio suspeito de criminalidade altamente organizada"},"content":{"rendered":"<p data-remotead-prev-elm=\"true\" data-remotead-elm-id=\"inread\">&#8220;Como diretor de uma empresa, entre 2019 e 2023, [o homem] ordenou a transfer\u00eancia para as Ilhas Maur\u00edcio, Emirados \u00c1rabes Unidos, China, Jap\u00e3o e Portugal de cerca de 140 milh\u00f5es de d\u00f3lares americanos, supostamente para a importa\u00e7\u00e3o de mercadorias que nunca foram realmente desalfandegadas em territ\u00f3rio nacional mo\u00e7ambicano&#8221;, refere a PJ em comunicado.<\/p>\n<p>O cidad\u00e3o estrangeiro era procurado pelas autoridades de Mo\u00e7ambique por alegado envolvimento em criminalidade altamente organizada, indica a pol\u00edcia.<\/p>\n<p>Segundo a PJ, o homem, com a ajuda de despachantes aduaneiros, falsificou documentos de desalfandegamento de mercadorias e enviou-os a bancos comerciais para justificar as transfer\u00eancias feitas para o estrangeiro.<\/p>\n<p data-remotead-prev-elm=\"true\" data-remotead-elm-id=\"centro1\">&#8220;Parte significativa deste montante, provinha de transfer\u00eancias e dep\u00f3sitos em dinheiro por familiares do detido e que com ele colaboravam, presos pelo envolvimento em tr\u00e1fico de droga e lavagem de dinheiro&#8221;, indica tamb\u00e9m a PJ.<\/p>\n<p>De acordo com a PJ, as empresas foram criadas para fins criminosos, principalmente para ocultar e dissimular a origem dos rendimentos do tr\u00e1fico de droga.<\/p>\n<p>O detido, que poder\u00e1 vir a ser condenado a uma pena de 16 anos de pris\u00e3o, ir\u00e1 ser presente ao Tribunal da Rela\u00e7\u00e3o de Lisboa, para aplica\u00e7\u00e3o de uma medida de coa\u00e7\u00e3o.<\/p>\n","protected":false},"excerpt":{"rendered":"&#8220;Como diretor de uma empresa, entre 2019 e 2023, [o homem] ordenou a transfer\u00eancia para as Ilhas Maur\u00edcio,&hellip;\n","protected":false},"author":2,"featured_media":176243,"comment_status":"","ping_status":"","sticky":false,"template":"","format":"standard","meta":{"footnotes":""},"categories":[50],"tags":[27,28,2954,15,16,14,603,25,26,21,22,62,12,13,19,20,4107,23,24,17,18,29,30,31,63,64,65],"class_list":{"0":"post-176242","1":"post","2":"type-post","3":"status-publish","4":"format-standard","5":"has-post-thumbnail","7":"category-mundo","8":"tag-breaking-news","9":"tag-breakingnews","10":"tag-crime-organizado","11":"tag-featured-news","12":"tag-featurednews","13":"tag-headlines","14":"tag-justica","15":"tag-latest-news","16":"tag-latestnews","17":"tag-main-news","18":"tag-mainnews","19":"tag-mundo","20":"tag-news","21":"tag-noticias","22":"tag-noticias-principais","23":"tag-noticiasprincipais","24":"tag-pj","25":"tag-principais-noticias","26":"tag-principaisnoticias","27":"tag-top-stories","28":"tag-topstories","29":"tag-ultimas","30":"tag-ultimas-noticias","31":"tag-ultimasnoticias","32":"tag-world","33":"tag-world-news","34":"tag-worldnews"},"share_on_mastodon":{"url":"https:\/\/pubeurope.com\/@pt\/115664875903441807","error":""},"_links":{"self":[{"href":"https:\/\/www.europesays.com\/pt\/wp-json\/wp\/v2\/posts\/176242","targetHints":{"allow":["GET"]}}],"collection":[{"href":"https:\/\/www.europesays.com\/pt\/wp-json\/wp\/v2\/posts"}],"about":[{"href":"https:\/\/www.europesays.com\/pt\/wp-json\/wp\/v2\/types\/post"}],"author":[{"embeddable":true,"href":"https:\/\/www.europesays.com\/pt\/wp-json\/wp\/v2\/users\/2"}],"replies":[{"embeddable":true,"href":"https:\/\/www.europesays.com\/pt\/wp-json\/wp\/v2\/comments?post=176242"}],"version-history":[{"count":0,"href":"https:\/\/www.europesays.com\/pt\/wp-json\/wp\/v2\/posts\/176242\/revisions"}],"wp:featuredmedia":[{"embeddable":true,"href":"https:\/\/www.europesays.com\/pt\/wp-json\/wp\/v2\/media\/176243"}],"wp:attachment":[{"href":"https:\/\/www.europesays.com\/pt\/wp-json\/wp\/v2\/media?parent=176242"}],"wp:term":[{"taxonomy":"category","embeddable":true,"href":"https:\/\/www.europesays.com\/pt\/wp-json\/wp\/v2\/categories?post=176242"},{"taxonomy":"post_tag","embeddable":true,"href":"https:\/\/www.europesays.com\/pt\/wp-json\/wp\/v2\/tags?post=176242"}],"curies":[{"name":"wp","href":"https:\/\/api.w.org\/{rel}","templated":true}]}}