{"id":176264,"date":"2025-12-05T04:37:11","date_gmt":"2025-12-05T04:37:11","guid":{"rendered":"https:\/\/www.europesays.com\/pt\/176264\/"},"modified":"2025-12-05T04:37:11","modified_gmt":"2025-12-05T04:37:11","slug":"foto-inedita-da-filha-de-maira-cardi-mostra-o-quanto-ela-mudou-desde-o-nascimento","status":"publish","type":"post","link":"https:\/\/www.europesays.com\/pt\/176264\/","title":{"rendered":"Foto in\u00e9dita da filha de Ma\u00edra Cardi mostra o quanto ela mudou desde o nascimento"},"content":{"rendered":"<p>O influenciador digital <a href=\"https:\/\/caras.com.br\/tags\/thiago-nigro\" rel=\"nofollow noopener\" target=\"_blank\"><strong>Thiago Nigro<\/strong><\/a> exibiu uma foto in\u00e9dita de sua filha, <strong>Eloah<\/strong>, de 1 m\u00eas, fruto do casamento com a coach <a href=\"https:\/\/caras.com.br\/tags\/maira-cardi\" rel=\"nofollow noopener\" target=\"_blank\"><strong>Ma\u00edra Cardi<\/strong><\/a>. Em um post nos stories do Instagram, ele registrou uma nova imagem do rosto da herdeira para mostrar o quanto ela j\u00e1 cresceu desde o nascimento, que foi quando os f\u00e3s viram o rosto dela pela \u00faltima vez.<\/p>\n<p>A beb\u00ea Eloah apareceu olhando atentamente para quem a segurava no colo ap\u00f3s tomar leite. \u201cLinda, amo voc\u00ea\u201d, disse o pai coruja.<\/p>\n<p>Eloah \u00e9 a primeira filha de Thiago Nigro com Ma\u00edra Cardi. Ela tamb\u00e9m tem outros dois filhos, <strong>Lucas<\/strong> e <strong>Sophia<\/strong>, frutos de outros relacionamentos.<\/p>\n<p> <img loading=\"lazy\" decoding=\"async\" class=\"wp-image-1039914 size-full img-fluid lazy\" alt=\"Eloah, filha de Thiago Nigro e Ma\u00edra Cardi - Foto: Reprodu\u00e7\u00e3o \/ Instagram\" width=\"772\" height=\"1376\" src=\"https:\/\/www.europesays.com\/pt\/wp-content\/uploads\/2025\/12\/eloah-filha-thiago-nigro-maira-cardi.jpg\"  \/>Eloah, filha de Thiago Nigro e Ma\u00edra Cardi \u2013 Foto: Reprodu\u00e7\u00e3o \/ Instagram <img loading=\"lazy\" decoding=\"async\" class=\"wp-image-1039913 size-full img-fluid lazy\" alt=\"Eloah, filha de Thiago Nigro e Ma\u00edra Cardi - Foto: Reprodu\u00e7\u00e3o \/ Instagram\" width=\"774\" height=\"1382\" src=\"https:\/\/www.europesays.com\/pt\/wp-content\/uploads\/2025\/12\/eloah-filha-thiago-nigro-maira-cardi-.jpg\"  \/>Eloah, filha de Thiago Nigro e Ma\u00edra Cardi \u2013 Foto: Reprodu\u00e7\u00e3o \/ Instagram <\/p>\n<blockquote class=\"instagram-media\" style=\"background: #FFF; border: 0; border-radius: 3px; box-shadow: 0 0 1px 0 rgba(0,0,0,0.5),0 1px 10px 0 rgba(0,0,0,0.15); margin: 1px; max-width: 540px; min-width: 326px; padding: 0; width: calc(100% - 2px);\" data-instgrm-captioned=\"\" data-instgrm-permalink=\"https:\/\/www.instagram.com\/p\/DQejqo8Ed_f\/?utm_source=ig_embed&amp;utm_campaign=loading\" data-instgrm-version=\"14\"><\/blockquote>\n<p>\t Relembre o relacionamento de Thiago Nigro e Ma\u00edra Cardi <\/p>\n<p>O romance entre a empres\u00e1ria e coach fitness Ma\u00edra Cardi e o influenciador de finan\u00e7as Thiago Nigro, conhecido como Primo Rico, floresceu de forma r\u00e1pida e, como tudo na vida do casal, sob os holofotes.<\/p>\n<p>A proposta de casamento aconteceu durante um batismo que os dois realizaram no Rio Jord\u00e3o, em Israel. J\u00e1 a not\u00edcia do noivado gerou a primeira grande pol\u00eamica, com a ex-namorada de Thiago, Camila Ferreira, postando indiretas nas redes sociais, o que agitou a web e a imprensa.<\/p>\n<p> O casamento \u201csecreto\u201d <\/p>\n<p>Em agosto de 2023, o casal surpreendeu ao se casar em uma cerim\u00f4nia intimista e secreta na Fazenda Vila Rica, no interior de S\u00e3o Paulo. A celebra\u00e7\u00e3o, que durou cinco dias e teve a presen\u00e7a de apenas 80 convidados, aconteceu sem o conhecimento pr\u00e9vio da imprensa, com uma exig\u00eancia de que os presentes n\u00e3o usassem celulares.<\/p>\n<p>O casal justificou a discri\u00e7\u00e3o dizendo que havia \u201cmuito barulho\u201d sobre a uni\u00e3o e que o mais importante era o casamento perante Deus. Apesar de secreta, a uni\u00e3o n\u00e3o foi nada barata. A reserva do local para o evento teria um custo estimado em cerca de R$ 60 mil na alta temporada. As alian\u00e7as trocadas eram luxuosas, com a de Ma\u00edra possuindo mais de 200 diamantes.<\/p>\n<p>\t Comunh\u00e3o total de bens <\/p>\n<p>Uma das decis\u00f5es que mais causou burburinho no meio do empresariado e nas redes sociais foi o regime de casamento escolhido: a comunh\u00e3o total de bens. Thiago Nigro, que \u00e9 um influenciador de finan\u00e7as de sucesso, revelou que a escolha gerou at\u00e9 mesmo a rea\u00e7\u00e3o de um amigo bilion\u00e1rio que tentou faz\u00ea-lo mudar de ideia.<\/p>\n<p>Thiago Nigro sobre a decis\u00e3o: \u201cA gente \u00e9 s\u00f3cio em todos os neg\u00f3cios porque tomamos uma decis\u00e3o at\u00e9 pol\u00eamica, n\u00e9? Nosso patrim\u00f4nio \u00e9 um s\u00f3. Ent\u00e3o, n\u00e3o existe isso de \u2018o que \u00e9 meu \u00e9 meu, o que \u00e9 dela \u00e9 dela\u2019. [\u2026] Eu decidi casar em comunh\u00e3o total de bens, n\u00e3o me arrependo e espero que muitos futuros casais possam se alinhar ainda mais por tomar essa decis\u00e3o t\u00e3o dif\u00edcil \u2013 e carregada de julgamentos\u201c.<\/p>\n<p><strong>Leia tamb\u00e9m<\/strong>: <a href=\"https:\/\/caras.com.br\/atualidades\/maira-cardi-explica-polemica-com-a-nora-eu-nao-tenho-um-filho-banana.phtml\" rel=\"nofollow noopener\" target=\"_blank\">Ma\u00edra Cardi explica pol\u00eamica com a nora: \u2018Eu n\u00e3o tenho um filho banana\u2019<\/a><\/p>\n<p>        <a href=\"https:\/\/caras.com.br\/autor\/priscilla-comoti\" rel=\"nofollow noopener\" target=\"_blank\">&#13;<br \/>\n          <img alt=\"Priscilla Comoti\" src=\"https:\/\/www.europesays.com\/pt\/wp-content\/uploads\/2025\/12\/1764909431_100_e53883bdf02c542f6517b68879e8cb08b27a1d55c4dfd53577e47d3ab6331a06\"  class=\"avatar avatar-115 photo rounded-circle mr-3\" height=\"115\" width=\"115\" loading=\"lazy\" decoding=\"async\"\/>        <\/a><\/p>\n<p>Priscilla Comoti \u00e9 editora de conte\u00fado do site CARAS. Ela \u00e9 formada em jornalismo e em audiovisual, j\u00e1 passou pelos sites Contigo!, Minha Novela, TiTiTi, Mais Novela e Portal M\u00e1rcia Piovesan. Escreve sobre celebridades, not\u00edcias sobre a fam\u00edlia real brit\u00e2nica, TV, reality show e novelas.<\/p>\n<p>\t                                            <script async src=\"\/\/www.instagram.com\/embed.js\"><\/script><\/p>\n","protected":false},"excerpt":{"rendered":"O influenciador digital Thiago Nigro exibiu uma foto in\u00e9dita de sua filha, Eloah, de 1 m\u00eas, fruto do&hellip;\n","protected":false},"author":2,"featured_media":176265,"comment_status":"","ping_status":"","sticky":false,"template":"","format":"standard","meta":{"footnotes":""},"categories":[145],"tags":[211,210,29228,114,115,7142,32,33,7143],"class_list":{"0":"post-176264","1":"post","2":"type-post","3":"status-publish","4":"format-standard","5":"has-post-thumbnail","7":"category-celebridades","8":"tag-celebridades","9":"tag-celebrities","10":"tag-eloah","11":"tag-entertainment","12":"tag-entretenimento","13":"tag-maira-cardi","14":"tag-portugal","15":"tag-pt","16":"tag-thiago-nigro"},"share_on_mastodon":{"url":"https:\/\/pubeurope.com\/@pt\/115665112067668731","error":""},"_links":{"self":[{"href":"https:\/\/www.europesays.com\/pt\/wp-json\/wp\/v2\/posts\/176264","targetHints":{"allow":["GET"]}}],"collection":[{"href":"https:\/\/www.europesays.com\/pt\/wp-json\/wp\/v2\/posts"}],"about":[{"href":"https:\/\/www.europesays.com\/pt\/wp-json\/wp\/v2\/types\/post"}],"author":[{"embeddable":true,"href":"https:\/\/www.europesays.com\/pt\/wp-json\/wp\/v2\/users\/2"}],"replies":[{"embeddable":true,"href":"https:\/\/www.europesays.com\/pt\/wp-json\/wp\/v2\/comments?post=176264"}],"version-history":[{"count":0,"href":"https:\/\/www.europesays.com\/pt\/wp-json\/wp\/v2\/posts\/176264\/revisions"}],"wp:featuredmedia":[{"embeddable":true,"href":"https:\/\/www.europesays.com\/pt\/wp-json\/wp\/v2\/media\/176265"}],"wp:attachment":[{"href":"https:\/\/www.europesays.com\/pt\/wp-json\/wp\/v2\/media?parent=176264"}],"wp:term":[{"taxonomy":"category","embeddable":true,"href":"https:\/\/www.europesays.com\/pt\/wp-json\/wp\/v2\/categories?post=176264"},{"taxonomy":"post_tag","embeddable":true,"href":"https:\/\/www.europesays.com\/pt\/wp-json\/wp\/v2\/tags?post=176264"}],"curies":[{"name":"wp","href":"https:\/\/api.w.org\/{rel}","templated":true}]}}