{"id":176274,"date":"2025-12-05T05:05:11","date_gmt":"2025-12-05T05:05:11","guid":{"rendered":"https:\/\/www.europesays.com\/pt\/176274\/"},"modified":"2025-12-05T05:05:11","modified_gmt":"2025-12-05T05:05:11","slug":"dado-dolabella-se-pronuncia-apos-exposed-de-ex-e-fala-em-transformar-dor-em-espetaculo","status":"publish","type":"post","link":"https:\/\/www.europesays.com\/pt\/176274\/","title":{"rendered":"Dado Dolabella se pronuncia ap\u00f3s exposed de ex e fala em &#8220;transformar dor em espet\u00e1culo&#8221;"},"content":{"rendered":"<p>Dado Dolabella voltou a se pronunciar sobre as acusa\u00e7\u00f5es feitas contra ele por Marcela Tomaszewski. A modelo divulgou prints de conversas antigas com o ator em meio \u00e0 acusa\u00e7\u00e3o de agress\u00e3o e ele ficou indignado, afirmando que vai se defender sem transformar a dor em espet\u00e1culo.<\/p>\n<p>continua depois da publicidade<\/p>\n<p>&#8220;Tudo que eu precisava esclarecer sobre isso j\u00e1 foi esclarecido judicialmente. O que eu mais lamento \u00e9 que nessa tentativa de me atacar, outras mulheres, m\u00e3es de fam\u00edlia, profissionais, pessoas que trabalham comigo est\u00e3o sendo ofendidas e atacadas&#8221;, reclamou.<\/p>\n<p>+\u00a0<a href=\"https:\/\/natelinha.uol.com.br\/famosos\/2025\/12\/04\/natuza-nery-faz-acordo-judicial-com-policial-apos-acusacao-de-ameaca-234830.php\" rel=\"nofollow noopener\" target=\"_blank\">Natuza Nery faz acordo judicial com policial ap\u00f3s acusa\u00e7\u00e3o de amea\u00e7a<\/a><\/p>\n<p>+\u00a0<a href=\"https:\/\/natelinha.uol.com.br\/famosos\/2025\/12\/04\/isabel-veloso-e-entubada-novamente-e-marido-surge-abalado-234828.php\" rel=\"nofollow noopener\" target=\"_blank\">Isabel Veloso \u00e9 entubada novamente e marido surge abalado<\/a><\/p>\n<p>Em v\u00eddeo postado nesta quinta-feira (4), o famoso seguiu: &#8220;Isso ultrapassa qualquer limite e desrespeita uma pauta leg\u00edtima. Sigo acreditando na justi\u00e7a, porque \u00e9 l\u00e1 que tudo vai ser resolvido com responsabilidade e verdade&#8221;.<\/p>\n<p>continua depois da publicidade<\/p>\n<p>&#8220;Hoje eu estou focado na minha vida, na minha evolu\u00e7\u00e3o e na verdade dos fatos, e eu quero deixar claro, eu n\u00e3o me calo mais. Eu j\u00e1 passei por muita coisa em sil\u00eancio e essa fase agora ficou para tr\u00e1s. Hoje eu me posiciono, eu falo, eu me defendo e convido qualquer pessoa que esteja passando por injusti\u00e7as a fazer o mesmo. Vamos lutar pela verdade, com serenidade, responsabilidade e sem transformar a dor em espet\u00e1culo&#8221;, declarou <a href=\"https:\/\/natelinha.uol.com.br\/famosos\/tudo-sobre\/dado-dolabella\" rel=\"nofollow noopener\" target=\"_blank\">Dado Dolabella<\/a>.<\/p>\n<blockquote class=\"instagram-media\" data-instgrm-captioned=\"\" data-instgrm-version=\"7\" style=\"width:100%;\"><p>\n\t\t\t\t\t\t\t\t\t<a href=\"https:\/\/www.instagram.com\/p\/DR2WGyGjgUV\/\" rel=\"nofollow noopener\" target=\"_blank\">\n\t\t\t\t\t\t\t\t<\/p><\/blockquote>\n<p>O exposed da ex de Dado Dolabella<\/p>\n<p>Na manh\u00e3 de quarta-feira (3), Marcela Tomaszewski exp\u00f4s nas redes sociais uma s\u00e9rie de imagens de hematomas e prints de mensagens que teriam sido retirados de conversas dela com Dado Dolabella. Atualmente, <a href=\"https:\/\/natelinha.uol.com.br\/famosos\/2025\/11\/20\/marcela-tomaszewski-consegue-medida-protetiva-contra-dado-dolabella-234184.php\" rel=\"nofollow noopener\" target=\"_blank\">um inqu\u00e9rito est\u00e1 investigando as den\u00fancias de viol\u00eancia dom\u00e9stica feitas pela modelo.<\/a><\/p>\n<p>continua depois da publicidade<\/p>\n<p>&#8220;Me calei por medo de n\u00e3o acreditarem em mim, por medo de tudo que poderia vir depois. E, ironicamente, agora quem est\u00e1 sendo julgada sou eu: a v\u00edtima. A mulher que acreditou que conseguiria sair de tudo isso sem ter seu nome vinculado a algo t\u00e3o grave, ou que n\u00e3o passaria apenas de palavras que me machucava, mas se tornou outro modo de me machucar&#8221;, disse ela.<\/p>\n<p>A loira explicou que sua inten\u00e7\u00e3o ao divulgar o material \u00e9 de conscientizar outras mulheres. Nas conversas, a pessoa cujo contato foi registrado como &#8220;Dado&#8221; parece tentar convencer a miss de postar fotos com ela nas redes sociais para passar a imagem de que est\u00e1 tudo bem.<\/p>\n<p>continua depois da publicidade<\/p>\n<p>&#8220;Dado, n\u00e3o \u00e9 melhor deixar claro que n\u00e3o estamos mais juntos e que n\u00e3o tem nada a ver isso tudo. Eu n\u00e3o tenho condi\u00e7\u00f5es de gravar story agora nem nada. Eu t\u00f4 paralisada, dura. Vomitando de nervosa&#8221;, alegou Marcela, em uma das mensagens.<\/p>\n<blockquote class=\"instagram-media\" data-instgrm-captioned=\"\" data-instgrm-version=\"7\" style=\"width:100%;\"><p>\n\t\t\t\t\t\t\t\t\t<a href=\"https:\/\/www.instagram.com\/p\/DRysj_GjZLy\/\" rel=\"nofollow noopener\" target=\"_blank\">\n\t\t\t\t\t\t\t\t<\/p><\/blockquote>\n<p>                    <script async src=\"\/\/www.instagram.com\/embed.js\"><\/script><\/p>\n","protected":false},"excerpt":{"rendered":"Dado Dolabella voltou a se pronunciar sobre as acusa\u00e7\u00f5es feitas contra ele por Marcela Tomaszewski. A modelo divulgou&hellip;\n","protected":false},"author":2,"featured_media":176275,"comment_status":"","ping_status":"","sticky":false,"template":"","format":"standard","meta":{"footnotes":""},"categories":[145],"tags":[211,210,12683,114,115,32,33],"class_list":{"0":"post-176274","1":"post","2":"type-post","3":"status-publish","4":"format-standard","5":"has-post-thumbnail","7":"category-celebridades","8":"tag-celebridades","9":"tag-celebrities","10":"tag-dado-dolabella","11":"tag-entertainment","12":"tag-entretenimento","13":"tag-portugal","14":"tag-pt"},"share_on_mastodon":{"url":"https:\/\/pubeurope.com\/@pt\/115665221957374581","error":""},"_links":{"self":[{"href":"https:\/\/www.europesays.com\/pt\/wp-json\/wp\/v2\/posts\/176274","targetHints":{"allow":["GET"]}}],"collection":[{"href":"https:\/\/www.europesays.com\/pt\/wp-json\/wp\/v2\/posts"}],"about":[{"href":"https:\/\/www.europesays.com\/pt\/wp-json\/wp\/v2\/types\/post"}],"author":[{"embeddable":true,"href":"https:\/\/www.europesays.com\/pt\/wp-json\/wp\/v2\/users\/2"}],"replies":[{"embeddable":true,"href":"https:\/\/www.europesays.com\/pt\/wp-json\/wp\/v2\/comments?post=176274"}],"version-history":[{"count":0,"href":"https:\/\/www.europesays.com\/pt\/wp-json\/wp\/v2\/posts\/176274\/revisions"}],"wp:featuredmedia":[{"embeddable":true,"href":"https:\/\/www.europesays.com\/pt\/wp-json\/wp\/v2\/media\/176275"}],"wp:attachment":[{"href":"https:\/\/www.europesays.com\/pt\/wp-json\/wp\/v2\/media?parent=176274"}],"wp:term":[{"taxonomy":"category","embeddable":true,"href":"https:\/\/www.europesays.com\/pt\/wp-json\/wp\/v2\/categories?post=176274"},{"taxonomy":"post_tag","embeddable":true,"href":"https:\/\/www.europesays.com\/pt\/wp-json\/wp\/v2\/tags?post=176274"}],"curies":[{"name":"wp","href":"https:\/\/api.w.org\/{rel}","templated":true}]}}