{"id":176284,"date":"2025-12-05T05:39:19","date_gmt":"2025-12-05T05:39:19","guid":{"rendered":"https:\/\/www.europesays.com\/pt\/176284\/"},"modified":"2025-12-05T05:39:19","modified_gmt":"2025-12-05T05:39:19","slug":"benfica-b-empata-frente-ao-nottingham-forest","status":"publish","type":"post","link":"https:\/\/www.europesays.com\/pt\/176284\/","title":{"rendered":"Benfica B empata frente ao Nottingham Forest"},"content":{"rendered":"<p>&#8211; Advertisement &#8211;<\/p>\n<p><strong>O Benfica B n\u00e3o foi al\u00e9m de um empate frente ao Nottingham Forest a uma bola, para a Premier League International Cup.<\/strong><\/p>\n<p>O Benfica B empatou frente ao Nottingham Forest 1-1, num encontro v\u00e1lido pela segunda jornada da Premier League International Cup. O primeiro golo do encontro surgiu por parte do emblema ingl\u00eas, com Jimmy Sinclair a abrir o marcador aos 15\u2032.<\/p>\n<p>Duarte Soares estabeleceu a igualdade ainda no primeiro tempo, aos 40\u2032. A forma\u00e7\u00e3o de N\u00e9lson Ver\u00edssimo passa a somar dois pontos e ocupa a terceira posi\u00e7\u00e3o do Grupo C, atr\u00e1s do <a href=\"https:\/\/bolanarede.pt\/etiqueta\/psg-2\/\" target=\"_blank\" rel=\"noreferrer noopener nofollow\">PSG<\/a> e do Brighton, que s\u00f3 sabem vencer.<\/p>\n<p>J\u00e1 o Nottingham Forest tem um ponto e est\u00e1 no sexto posto. <\/p>\n","protected":false},"excerpt":{"rendered":"&#8211; Advertisement &#8211; O Benfica B n\u00e3o foi al\u00e9m de um empate frente ao Nottingham Forest a uma&hellip;\n","protected":false},"author":2,"featured_media":176285,"comment_status":"","ping_status":"","sticky":false,"template":"","format":"standard","meta":{"footnotes":""},"categories":[87],"tags":[260,8353,135,1527,32,36523,33,134],"class_list":{"0":"post-176284","1":"post","2":"type-post","3":"status-publish","4":"format-standard","5":"has-post-thumbnail","7":"category-desporto","8":"tag-atualidade","9":"tag-benfica-b","10":"tag-desporto","11":"tag-nottingham-forest","12":"tag-portugal","13":"tag-premier-league-international-cup","14":"tag-pt","15":"tag-sports"},"share_on_mastodon":{"url":"https:\/\/pubeurope.com\/@pt\/115665355592822779","error":""},"_links":{"self":[{"href":"https:\/\/www.europesays.com\/pt\/wp-json\/wp\/v2\/posts\/176284","targetHints":{"allow":["GET"]}}],"collection":[{"href":"https:\/\/www.europesays.com\/pt\/wp-json\/wp\/v2\/posts"}],"about":[{"href":"https:\/\/www.europesays.com\/pt\/wp-json\/wp\/v2\/types\/post"}],"author":[{"embeddable":true,"href":"https:\/\/www.europesays.com\/pt\/wp-json\/wp\/v2\/users\/2"}],"replies":[{"embeddable":true,"href":"https:\/\/www.europesays.com\/pt\/wp-json\/wp\/v2\/comments?post=176284"}],"version-history":[{"count":0,"href":"https:\/\/www.europesays.com\/pt\/wp-json\/wp\/v2\/posts\/176284\/revisions"}],"wp:featuredmedia":[{"embeddable":true,"href":"https:\/\/www.europesays.com\/pt\/wp-json\/wp\/v2\/media\/176285"}],"wp:attachment":[{"href":"https:\/\/www.europesays.com\/pt\/wp-json\/wp\/v2\/media?parent=176284"}],"wp:term":[{"taxonomy":"category","embeddable":true,"href":"https:\/\/www.europesays.com\/pt\/wp-json\/wp\/v2\/categories?post=176284"},{"taxonomy":"post_tag","embeddable":true,"href":"https:\/\/www.europesays.com\/pt\/wp-json\/wp\/v2\/tags?post=176284"}],"curies":[{"name":"wp","href":"https:\/\/api.w.org\/{rel}","templated":true}]}}