{"id":176292,"date":"2025-12-05T05:53:18","date_gmt":"2025-12-05T05:53:18","guid":{"rendered":"https:\/\/www.europesays.com\/pt\/176292\/"},"modified":"2025-12-05T05:53:18","modified_gmt":"2025-12-05T05:53:18","slug":"ferdinand-conduz-sorteio-do-mundial-2026-com-lendas-de-outros-desportos","status":"publish","type":"post","link":"https:\/\/www.europesays.com\/pt\/176292\/","title":{"rendered":"Ferdinand conduz sorteio do Mundial 2026&#8230; com lendas de outros desportos"},"content":{"rendered":"<p>Rio Ferdinand vai apresentar o sorteio da fase de grupos do Mundial 2026. No evento que vai decorrer em Washington DC na sexta-feira (5), o agora comentador desportivo ser\u00e1 o \u00fanico futebolista a participar ativamente no sorteio que vai distribuir as 42 sele\u00e7\u00f5es j\u00e1 apuradas (faltam seis) pelos 12 grupos.<\/p>\n<p>Ao apresentar a cerim\u00f3nia ao lado do ex-internacional ingl\u00eas estar\u00e1 a apresentadora brit\u00e2nica Samantha Johnson. Os dois ser\u00e3o apoiados por cinco lendas do desporto norte-americano.<\/p>\n<p>Eli Manning, ex-jogador de futebol americano duas vezes vencedor do Super Bowl, vai ser o respons\u00e1vel pela cobertura do evento na passadeira vermelha e como assistentes do sorteio estar\u00e3o Tom Brady (ex-jogador de futebol americano sete vezes vencedor do Super Bowl e cinco vezes MVP da final), Wayne Gretzky (canadiano quatro vezes campe\u00e3o da NHL e considerado por muitos o melhor hoquista sobre o gelo de sempre), o ex-basquetebolista Shaquille O&#8217;Neal (quatro vezes campe\u00e3o da NBA e tr\u00eas vezes MVP das finais) e Aaron Judge, jogador de basebol tr\u00eas vezes MVP.<\/p>\n<p>O sorteio do Mundial 2026 realiza-se na sexta-feira a partir das 17h00 de Portugal continental. O torneio, o primeiro de sempre com 48 pa\u00edses, realiza-se de 11 de junho a 19 de julho nos Estados Unidos, M\u00e9xico e Canad\u00e1.<\/p>\n","protected":false},"excerpt":{"rendered":"Rio Ferdinand vai apresentar o sorteio da fase de grupos do Mundial 2026. No evento que vai decorrer&hellip;\n","protected":false},"author":2,"featured_media":65240,"comment_status":"","ping_status":"","sticky":false,"template":"","format":"standard","meta":{"footnotes":""},"categories":[87],"tags":[135,46,12632,32,33,47,6348,33603,134,36256],"class_list":{"0":"post-176292","1":"post","2":"type-post","3":"status-publish","4":"format-standard","5":"has-post-thumbnail","7":"category-desporto","8":"tag-desporto","9":"tag-maisfutebol","10":"tag-mundial-2026","11":"tag-portugal","12":"tag-pt","13":"tag-pura-paixao","14":"tag-rio-ferdinand","15":"tag-sorteio-mundial-2026","16":"tag-sports","17":"tag-tom-brady"},"share_on_mastodon":{"url":"https:\/\/pubeurope.com\/@pt\/115665410679491041","error":""},"_links":{"self":[{"href":"https:\/\/www.europesays.com\/pt\/wp-json\/wp\/v2\/posts\/176292","targetHints":{"allow":["GET"]}}],"collection":[{"href":"https:\/\/www.europesays.com\/pt\/wp-json\/wp\/v2\/posts"}],"about":[{"href":"https:\/\/www.europesays.com\/pt\/wp-json\/wp\/v2\/types\/post"}],"author":[{"embeddable":true,"href":"https:\/\/www.europesays.com\/pt\/wp-json\/wp\/v2\/users\/2"}],"replies":[{"embeddable":true,"href":"https:\/\/www.europesays.com\/pt\/wp-json\/wp\/v2\/comments?post=176292"}],"version-history":[{"count":0,"href":"https:\/\/www.europesays.com\/pt\/wp-json\/wp\/v2\/posts\/176292\/revisions"}],"wp:featuredmedia":[{"embeddable":true,"href":"https:\/\/www.europesays.com\/pt\/wp-json\/wp\/v2\/media\/65240"}],"wp:attachment":[{"href":"https:\/\/www.europesays.com\/pt\/wp-json\/wp\/v2\/media?parent=176292"}],"wp:term":[{"taxonomy":"category","embeddable":true,"href":"https:\/\/www.europesays.com\/pt\/wp-json\/wp\/v2\/categories?post=176292"},{"taxonomy":"post_tag","embeddable":true,"href":"https:\/\/www.europesays.com\/pt\/wp-json\/wp\/v2\/tags?post=176292"}],"curies":[{"name":"wp","href":"https:\/\/api.w.org\/{rel}","templated":true}]}}