{"id":176295,"date":"2025-12-05T06:02:17","date_gmt":"2025-12-05T06:02:17","guid":{"rendered":"https:\/\/www.europesays.com\/pt\/176295\/"},"modified":"2025-12-05T06:02:17","modified_gmt":"2025-12-05T06:02:17","slug":"anitta-fara-participacao-especial-em-filme-da-amazon-04-12-2025-cinema-e-series","status":"publish","type":"post","link":"https:\/\/www.europesays.com\/pt\/176295\/","title":{"rendered":"Anitta far\u00e1 participa\u00e7\u00e3o especial em filme da Amazon &#8211; 04\/12\/2025 &#8211; Cinema e S\u00e9ries"},"content":{"rendered":"<p>\n<strong class=\"c-signature__location\">S\u00e3o Paulo<\/strong>\n<\/p>\n<p>A Amazon exibiu pela primeira vez o teaser de &#8220;Corrida dos Bichos&#8221; na <a href=\"https:\/\/f5.folha.uol.com.br\/cinema-e-series\/2025\/12\/ator-de-o-cavaleiro-dos-sete-reinos-ganha-cerimonia-de-ordenacao-na-ccxp.shtml\" rel=\"nofollow noopener\" target=\"\">CCXP<\/a> e detalhou um pouco mais o longa brasileiro previsto para 2026. A produ\u00e7\u00e3o imagina um <a href=\"https:\/\/www1.folha.uol.com.br\/folha-topicos\/rio-de-janeiro\/\" rel=\"nofollow noopener\" target=\"\">Rio de Janeiro<\/a> dist\u00f3pico, devastado por um evento clim\u00e1tico, onde o antigo jogo do bicho se transforma em uma corrida futurista em que competidores personificam os animais.<\/p>\n","protected":false},"excerpt":{"rendered":"S\u00e3o Paulo A Amazon exibiu pela primeira vez o teaser de &#8220;Corrida dos Bichos&#8221; na CCXP e detalhou&hellip;\n","protected":false},"author":2,"featured_media":176296,"comment_status":"","ping_status":"","sticky":false,"template":"","format":"standard","meta":{"footnotes":""},"categories":[145],"tags":[514,2235,219,3781,28181,211,210,470,223,36524,114,115,224,225,226,221,220,222,15274,32,33,5062,218,228,227],"class_list":{"0":"post-176295","1":"post","2":"type-post","3":"status-publish","4":"format-standard","5":"has-post-thumbnail","7":"category-celebridades","8":"tag-amazon","9":"tag-anitta","10":"tag-bichos","11":"tag-bruno-gagliasso","12":"tag-ccxp","13":"tag-celebridades","14":"tag-celebrities","15":"tag-cinema","16":"tag-colunistas","17":"tag-corrida-dos-bichos","18":"tag-entertainment","19":"tag-entretenimento","20":"tag-estranho","21":"tag-eu-amo","22":"tag-fofices","23":"tag-horoscopo","24":"tag-humanos","25":"tag-humor","26":"tag-isis-valverde","27":"tag-portugal","28":"tag-pt","29":"tag-rodrigo-santoro","30":"tag-televisao","31":"tag-tudo","32":"tag-videos"},"share_on_mastodon":{"url":"https:\/\/pubeurope.com\/@pt\/115665446040293458","error":""},"_links":{"self":[{"href":"https:\/\/www.europesays.com\/pt\/wp-json\/wp\/v2\/posts\/176295","targetHints":{"allow":["GET"]}}],"collection":[{"href":"https:\/\/www.europesays.com\/pt\/wp-json\/wp\/v2\/posts"}],"about":[{"href":"https:\/\/www.europesays.com\/pt\/wp-json\/wp\/v2\/types\/post"}],"author":[{"embeddable":true,"href":"https:\/\/www.europesays.com\/pt\/wp-json\/wp\/v2\/users\/2"}],"replies":[{"embeddable":true,"href":"https:\/\/www.europesays.com\/pt\/wp-json\/wp\/v2\/comments?post=176295"}],"version-history":[{"count":0,"href":"https:\/\/www.europesays.com\/pt\/wp-json\/wp\/v2\/posts\/176295\/revisions"}],"wp:featuredmedia":[{"embeddable":true,"href":"https:\/\/www.europesays.com\/pt\/wp-json\/wp\/v2\/media\/176296"}],"wp:attachment":[{"href":"https:\/\/www.europesays.com\/pt\/wp-json\/wp\/v2\/media?parent=176295"}],"wp:term":[{"taxonomy":"category","embeddable":true,"href":"https:\/\/www.europesays.com\/pt\/wp-json\/wp\/v2\/categories?post=176295"},{"taxonomy":"post_tag","embeddable":true,"href":"https:\/\/www.europesays.com\/pt\/wp-json\/wp\/v2\/tags?post=176295"}],"curies":[{"name":"wp","href":"https:\/\/api.w.org\/{rel}","templated":true}]}}