{"id":176297,"date":"2025-12-05T06:07:27","date_gmt":"2025-12-05T06:07:27","guid":{"rendered":"https:\/\/www.europesays.com\/pt\/176297\/"},"modified":"2025-12-05T06:07:27","modified_gmt":"2025-12-05T06:07:27","slug":"critica-it-bem-vindos-a-derry-1x06-em-nome-do-pai","status":"publish","type":"post","link":"https:\/\/www.europesays.com\/pt\/176297\/","title":{"rendered":"Cr\u00edtica | It: Bem-Vindos a Derry &#8211; 1X06: Em Nome do Pai"},"content":{"rendered":"<p>7,1K<\/p>\n<p><img loading=\"lazy\" decoding=\"async\" class=\"aligncenter size-full wp-image-308951\" role=\"img\" src=\"https:\/\/www.planocritico.com\/wp-content\/uploads\/2023\/04\/hal-3-5.svg\" alt=\"\" width=\"230\" height=\"80\"\/><\/p>\n<ul>\n<li style=\"text-align: justify;\"><strong>H\u00e1 spoilers. Leiam, <a href=\"https:\/\/www.planocritico.com\/tag\/it-a-coisa\/\" rel=\"nofollow noopener\" target=\"_blank\">aqui<\/a>, as cr\u00edticas dos demais epis\u00f3dios e de tudo sobre It.<\/strong><\/li>\n<\/ul>\n<p style=\"text-align: justify;\">Em Nome do Pai foi o primeiro epis\u00f3dio da s\u00e9rie prel\u00fadio do <a href=\"https:\/\/www.planocritico.com\/tag\/it-a-coisa-universo-andy-muschietti\/\" rel=\"nofollow noopener\" target=\"_blank\">Universo It de Andy Muschietti<\/a> que me trouxe real satisfa\u00e7\u00e3o quando a tela preta veio e os cr\u00e9ditos come\u00e7aram a subir. E j\u00e1 n\u00e3o era sem tempo, pois estamos falando de nada menos do que o antepen\u00faltimo cap\u00edtulo da primeira temporada que vinha caminhando de maneira err\u00e1tica, apoiando-se em bengalas narrativas infantis (e n\u00e3o estou falando do n\u00facleo adolescente) para contar uma hist\u00f3ria cansada, desfocada, ainda que melhorando em incrementos m\u00ednimos de semana a semana. Agora, a melhoria foi sens\u00edvel, com a converg\u00eancia de n\u00facleos de personagens que vimos em <a href=\"https:\/\/www.planocritico.com\/critica-it-bem-vindos-a-derry-1x05-rua-neibolt-29\/\" rel=\"nofollow noopener\" target=\"_blank\">Rua Neibolt, 29<\/a> chegando ao seu ponto alto aqui e, melhor ainda, sem invencionices bobalhonas e sem apoiar-se demasiadamente em computa\u00e7\u00e3o gr\u00e1fica e sim na boa e velha \u2013 e costumeiramente infal\u00edvel \u2013 constru\u00e7\u00e3o de uma atmosfera inc\u00f4moda, mas n\u00e3o se esquecendo de momentos de ternura.<\/p>\n<p style=\"text-align: justify;\">Come\u00e7ando com um misterioso pr\u00f3logo em preto e branco em que vemos o sanat\u00f3rio Juniper Hill em 1935 com uma enfermeira inexplicavelmente levando uma menina at\u00e9 o subsolo onde as duas se deparam com Pennywise, cena essa que n\u00e3o s\u00f3 serve de tira-gosto para a futura segunda temporada em que esse despertar da Coisa ser\u00e1 abordado, como tamb\u00e9m para abrir espa\u00e7o para uma hist\u00f3ria de origem que explica, mesmo que de leve, o porqu\u00ea de ela ter adotado a persona do palha\u00e7o dan\u00e7arino, com direito ao uso assustador de Ingrid Kersh, enfermeira e amiga da pobre Lilly Bainbridge e amante de Hank Grogan que se revela, tamb\u00e9m, como Periwinkle, persona palha\u00e7al que ela criou como uma forma doentia de tentar achar seu pai, o Pennywise original, presumivelmente possu\u00eddo (ou algo assim) pela criatura extradimensional. Como se n\u00e3o bastasse todas as manobras sobrenaturais da pr\u00f3pria Coisa, fica claro que Periwinkle teve participa\u00e7\u00e3o importante na armadilha que o Black Spot se torna e que, aqueles que assistiram <a href=\"https:\/\/www.planocritico.com\/tag\/it-a-coisa-filmes\/\" rel=\"nofollow noopener\" target=\"_blank\">os filmes<\/a> e\/ou leram <a href=\"https:\/\/www.planocritico.com\/critica-it-a-coisa-de-stephen-king\/\" rel=\"nofollow noopener\" target=\"_blank\">o livro<\/a>, conhecem bem o que acontecer\u00e1.<\/p>\n<p style=\"text-align: justify;\">Apesar de ter gostado dessas revela\u00e7\u00f5es todas e na forma como o encadeamento da narrativa leva quase todos os personagens at\u00e9 o Black Spot para ficarmos pendurados aguardando o pior no pr\u00f3ximo epis\u00f3dio, foi sens\u00edvel para mim o quanto a temporada andou de lado para chegar a esse ponto, fazendo com que as pe\u00e7as tenham permanecido espalhadas por tempo demais, somente para serem juntadas aqui de maneira a\u00e7odada, prejudicando um pouco o resultado final que teria se beneficiado demais de calma e tranquilidade, permitindo mais tempo para Lilly chegar ao ponto desesperador e solit\u00e1rio em que se encontra quando faz suas descobertas no s\u00f3t\u00e3o de Ingrid. Por outro lado, mesmo inicialmente tendo torcido para Marge queimar no fogo do inferno, sua reden\u00e7\u00e3o (ah, como eu detesto arcos de reden\u00e7\u00e3o\u2026) funcionou bem, seja quando ela p\u00f5e as patricinhas de Derry para correr, seja em raz\u00e3o de sua aproxima\u00e7\u00e3o ao diminuto cubano-americano Rich, com <a href=\"https:\/\/www.planocritico.com\/tag\/matilda-lawler\/\" rel=\"nofollow noopener\" target=\"_blank\">Matilda Lawler<\/a> e <a href=\"https:\/\/www.planocritico.com\/tag\/arian-s-cartaya\/\" rel=\"nofollow noopener\" target=\"_blank\">Arian S. Cartaya<\/a> formando um simpatic\u00edssimo casalzinho, com direito at\u00e9 mesmo a Rich comandando a bateria do bar dos soldados afrodescendentes. De maneira semelhante, gostei de ver o desespero palp\u00e1vel em Ronnie e sua explos\u00e3o com Lilly \u2013 indevida, mas compreens\u00edvel -, tudo derivado da pris\u00e3o e depois fuga de seu pai, at\u00e9 o momento em que ela \u00e9 levada por Charlotte para rev\u00ea-lo, e isso sem falar na conex\u00e3o dela com Will.<\/p>\n<p style=\"text-align: justify;\">Apesar de o n\u00facleo adulto ter perdido um pouco de espa\u00e7o aqui, ele se mant\u00e9m constantemente presente, seja por meio de Charlotte tentando salvar Hank, seja pelas revela\u00e7\u00f5es sobre Ingrid ou, claro, a conversa entre Leroy e Dick que, apesar de descambar para um didatismo completamente desnecess\u00e1rio que explica o que j\u00e1 sab\u00edamos, tem um tom interessante que perturba Leroy ainda mais e n\u00e3o melhora em nada o desespero interior que Dick sente por Pennywise ter aberto a caixa do poder de ver pessoas mortas que havia sido trancada h\u00e1 d\u00e9cadas. A n\u00e3o recupera\u00e7\u00e3o instant\u00e2nea de Dick me chamou aten\u00e7\u00e3o, pois cansei de ver filmes e s\u00e9ries que criam um grande momento para determinado personagem, para ele estar perfeitamente adaptado ao novo status quo na cena seguinte. N\u00e3o h\u00e1 nada disso em Em Nome do Pai, com <a href=\"https:\/\/www.planocritico.com\/tag\/chris-chalk\/\" rel=\"nofollow noopener\" target=\"_blank\">Chris Chalk<\/a>, mesmo aparecendo relativamente pouco, mais uma vez dominando as sequ\u00eancias com a luta contra sua \u201cilumina\u00e7\u00e3o\u201d.<\/p>\n<p style=\"text-align: justify;\">Mesmo demorando a encontrar ch\u00e3o s\u00f3lido para firmar-se, It: Bem-Vindos a Derry finalmente mostrou que pode ser mais do que uma s\u00e9rie apenas \u201cboazinha\u201d (e isso com boa vontade), trabalhando bem a converg\u00eancia narrativa de seus n\u00facleos, trazendo revela\u00e7\u00f5es boas e preparando o terreno para que seus dois epis\u00f3dios finais encerrem os arcos de seus personagens sem economizar em finais <strong>in<\/strong>felizes. Afinal, vamos combinar que, por mais que tenhamos simpatizado com alguns personagens e com seus dramas, a verdadeira torcida vai mesmo para Pennywise e, agora, tamb\u00e9m Periwinkle, sua sidekick quase t\u00e3o aterradora.<\/p>\n<p style=\"text-align: justify;\"><strong>It: Bem-Vindos a Derry \u2013 1X06: Em Nome do Pai\u2069 (It: Welcome to Derry \u2013 1X06: In the Name of the Father \u2013 EUA, 30 de novembro de 2025)<br \/>Desenvolvimento: <\/strong>Andy Muschietti, Barbara Muschietti, Jason Fuchs (baseado em romance de Stephen King)<strong><br \/>Showrunners: <\/strong>Jason Fuchs, Brad Caleb Kane<strong><br \/>Dire\u00e7\u00e3o: <\/strong>Jamie Travis<strong><br \/>Roteiro: <\/strong>Jason Fuchs, Cord Jefferson, Brad Caleb Kane <strong><br \/>Elenco:\u00a0<\/strong>Clara Stack, Amanda Christine, Blake Cameron James, Arian S. Cartaya, Matilda Lawler, Taylour Paige, Jovan Adepo, Chris Chalk,\u00a0James Remar, Peter Outerbridge, Rudy Mancuso, Stephen Rider, Alixandra Fuchs, BJ Harrison, Kimberly Norris Guerrero, Joshua Odjick, Madeleine Stowe, Miles Ekhardt, Bill Skarsg\u00e5rd<strong><br \/>Dura\u00e7\u00e3o: <\/strong>57 min.<\/p>\n","protected":false},"excerpt":{"rendered":"7,1K H\u00e1 spoilers. Leiam, aqui, as cr\u00edticas dos demais epis\u00f3dios e de tudo sobre It. Em Nome do&hellip;\n","protected":false},"author":2,"featured_media":176298,"comment_status":"","ping_status":"","sticky":false,"template":"","format":"standard","meta":{"footnotes":""},"categories":[140],"tags":[29767,36525,29769,36526,36527,16250,29771,36528,36529,29774,36530,36531,114,115,147,148,1626,36532,36533,183,36534,28276,36535,36536,29785,36537,36538,16101,29788,36539,29790,36540,36541,146,29792,32,33,36542,16105,36543,29795,29796],"class_list":{"0":"post-176297","1":"post","2":"type-post","3":"status-publish","4":"format-standard","5":"has-post-thumbnail","7":"category-filmes","8":"tag-alixandra-fuchs","9":"tag-amanda-christine","10":"tag-andy-muschietti","11":"tag-arian-s-cartaya","12":"tag-barbara-muschietti","13":"tag-bill-skarsgard","14":"tag-bj-harrison","15":"tag-blake-cameron-james","16":"tag-brad-caleb-kane","17":"tag-chris-chalk","18":"tag-clara-stack","19":"tag-cord-jefferson","20":"tag-entertainment","21":"tag-entretenimento","22":"tag-film","23":"tag-filmes","24":"tag-hbo","25":"tag-hbo-series","26":"tag-hbo-series-e-minisseries","27":"tag-home","28":"tag-it-a-coisa-universo-andy-muschietti","29":"tag-it-a-coisa","30":"tag-it-bem-vindos-a-derry-1a-temporada","31":"tag-it-bem-vindos-a-derry-serie","32":"tag-james-remar","33":"tag-jamie-travis","34":"tag-jason-fuchs","35":"tag-joshua-odjick","36":"tag-jovan-adepo","37":"tag-kimberly-norris-guerrero","38":"tag-madeleine-stowe","39":"tag-matilda-lawler","40":"tag-miles-ekhardt","41":"tag-movies","42":"tag-peter-outerbridge","43":"tag-portugal","44":"tag-pt","45":"tag-rudy-mancuso","46":"tag-stephen-king","47":"tag-stephen-king-series-de-tv","48":"tag-stephen-rider","49":"tag-taylour-paige"},"share_on_mastodon":{"url":"","error":"Validation failed: Text character limit of 500 exceeded"},"_links":{"self":[{"href":"https:\/\/www.europesays.com\/pt\/wp-json\/wp\/v2\/posts\/176297","targetHints":{"allow":["GET"]}}],"collection":[{"href":"https:\/\/www.europesays.com\/pt\/wp-json\/wp\/v2\/posts"}],"about":[{"href":"https:\/\/www.europesays.com\/pt\/wp-json\/wp\/v2\/types\/post"}],"author":[{"embeddable":true,"href":"https:\/\/www.europesays.com\/pt\/wp-json\/wp\/v2\/users\/2"}],"replies":[{"embeddable":true,"href":"https:\/\/www.europesays.com\/pt\/wp-json\/wp\/v2\/comments?post=176297"}],"version-history":[{"count":0,"href":"https:\/\/www.europesays.com\/pt\/wp-json\/wp\/v2\/posts\/176297\/revisions"}],"wp:featuredmedia":[{"embeddable":true,"href":"https:\/\/www.europesays.com\/pt\/wp-json\/wp\/v2\/media\/176298"}],"wp:attachment":[{"href":"https:\/\/www.europesays.com\/pt\/wp-json\/wp\/v2\/media?parent=176297"}],"wp:term":[{"taxonomy":"category","embeddable":true,"href":"https:\/\/www.europesays.com\/pt\/wp-json\/wp\/v2\/categories?post=176297"},{"taxonomy":"post_tag","embeddable":true,"href":"https:\/\/www.europesays.com\/pt\/wp-json\/wp\/v2\/tags?post=176297"}],"curies":[{"name":"wp","href":"https:\/\/api.w.org\/{rel}","templated":true}]}}