{"id":176309,"date":"2025-12-05T06:27:20","date_gmt":"2025-12-05T06:27:20","guid":{"rendered":"https:\/\/www.europesays.com\/pt\/176309\/"},"modified":"2025-12-05T06:27:20","modified_gmt":"2025-12-05T06:27:20","slug":"de-turbossexual-ao-novo-papa-o-que-portugal-pesquisou-no-google-em-2025-em-destaque","status":"publish","type":"post","link":"https:\/\/www.europesays.com\/pt\/176309\/","title":{"rendered":"De \u201cturbossexual\u201d ao novo Papa: o que Portugal pesquisou no Google em 2025 | Em destaque"},"content":{"rendered":"<p>O retrato digital de 2025 comp\u00f5e-se como um mosaico de inquieta\u00e7\u00f5es, entusiasmos colectivos e pequenas perplexidades lingu\u00edsticas. Mais do que um invent\u00e1rio das palavras introduzidas numa caixa de pesquisa, o relat\u00f3rio anual da Google funciona como uma esp\u00e9cie de sism\u00f3grafo social: regista abalos, modas e curiosidades que ajudam a perceber o pa\u00eds \u2014 o que o move e o que o desconcerta.<\/p>\n<p><strong>O apag\u00e3o, o futebol e a f\u00e9<\/strong><\/p>\n<p>No <a href=\"https:\/\/trends.withgoogle.com\/year-in-search\/2025\/pt\/\" target=\"_blank\" rel=\"nofollow noopener\">topo das pesquisas gerais<\/a>, convivem o medo e a celebra\u00e7\u00e3o. O apag\u00e3o de Abril \u2014 um evento raro pela sua escala, capaz de deixar Portugal e Espanha simultaneamente \u00e0s escuras \u2014 provocou um pico de procura por explica\u00e7\u00f5es t\u00e9cnicas e instru\u00e7\u00f5es pr\u00e1ticas. A reac\u00e7\u00e3o demonstra at\u00e9 que ponto a depend\u00eancia da infra-estrutura el\u00e9ctrica passou a ser uma preocupa\u00e7\u00e3o quase t\u00e3o central como a estabilidade financeira ou a sa\u00fade p\u00fablica.<\/p>\n<p>No extremo oposto, o futebol voltou a servir de b\u00fassola emocional. O Mundial de Clubes dominou as tend\u00eancias e devolveu ao pa\u00eds aquela suspens\u00e3o do quotidiano que acompanha os grandes eventos desportivos. Nada de novo, mas suficientemente expressivo para refor\u00e7ar uma ideia recorrente: a bola continua a ser o escape preferido de quem vive em Portugal.<\/p>\n<p>No campo religioso, o ano foi particularmente intenso. A <a href=\"https:\/\/www.publico.pt\/2025\/04\/21\/mundo\/noticia\/morreu-papa-francisco-lider-igreja-catolica-desde-2013-2123551\" rel=\"nofollow noopener\" target=\"_blank\">morte do Papa Francisco<\/a> e a <a href=\"https:\/\/www.publico.pt\/2025\/05\/08\/mundo\/noticia\/ha-fumo-branco-vaticano-conclave-ja-escolheu-novo-papa-2132365\" rel=\"nofollow noopener\" target=\"_blank\">elei\u00e7\u00e3o do Papa Le\u00e3o XIV<\/a> despertaram um interesse maci\u00e7o, confirmando que o Vaticano conserva um peso cultural que, mesmo num pa\u00eds mais secular, permanece dif\u00edcil de ignorar. A n\u00edvel interno, a trag\u00e9dia do <a href=\"https:\/\/www.publico.pt\/elevador-gloria\" rel=\"nofollow noopener\" target=\"_blank\">Elevador da Gl\u00f3ria<\/a> foi acompanhada ao minuto, num misto de consterna\u00e7\u00e3o e procura por esclarecimentos.<\/p>\n<p><strong>A pergunta do ano: o que \u00e9, afinal, um \u201cturbossexual\u201d?<\/strong><\/p>\n<p>Entre as pesquisas iniciadas por \u201cO que \u00e9\u2026\u201d, a express\u00e3o que mais desconcerto gerou foi \u201cturbossexual\u201d. Popularizada por Filipe La Cerda, a palavra tornou-se viral e desencadeou uma corrida colectiva para perceber se se tratava de uma provoca\u00e7\u00e3o, uma etiqueta geracional ou apenas um fen\u00f3meno ef\u00e9mero de rede social. O tr\u00e1fego an\u00f3malo ilustra bem como o pa\u00eds reage quando linguagem, humor e exposi\u00e7\u00e3o digital se cruzam.<\/p>\n<p>Ao lado deste novo \u201cenigma\u201d, surgiram tamb\u00e9m interroga\u00e7\u00f5es sobre pol\u00edtica e terminologia m\u00e9dica, sinal de que a necessidade de traduzir jarg\u00f5es continua a marcar a rela\u00e7\u00e3o dos portugueses com a actualidade.<\/p>\n<p><strong>Craques, tutoriais e tecnologia do quotidiano<\/strong><\/p>\n<p>Nas pesquisas de figuras p\u00fablicas, o futebol volta a impor-se. Richard Rios liderou o interesse dos utilizadores, seguido de perto por Rodrigo Mora, o que reflecte o magnetismo permanente do mercado de transfer\u00eancias e da promessa de novos talentos.<\/p>\n<p>Mas \u00e9 na sec\u00e7\u00e3o dos \u201ccomo fazer\u2026\u201d que a tecnologia dom\u00e9stica revela um lado quase antropol\u00f3gico. O persistente \u201ccomo fazer print screen no PC\u201d mant\u00e9m-se entre as d\u00favidas mais procuradas \u2014 um cl\u00e1ssico da literacia digital que teima em n\u00e3o desaparecer, apesar dos avan\u00e7os na usabilidade. O relat\u00f3rio destaca ainda tutoriais para \u201ctransformar foto em anime\u201d, express\u00e3o clara de como a cultura visual asi\u00e1tica e as ferramentas de <a href=\"https:\/\/www.publico.pt\/inteligencia-artificial\" rel=\"nofollow noopener\" target=\"_blank\">intelig\u00eancia artificial<\/a> (IA) generativa entraram definitivamente nos h\u00e1bitos de edi\u00e7\u00e3o de imagem.<\/p>\n<p>A jardinagem dom\u00e9stica tamb\u00e9m marcou presen\u00e7a, com v\u00e1rias pesquisas sobre cuidados a plantas espec\u00edficas, num regresso \u00e0 terra que tem oscilado ao ritmo das tend\u00eancias de bem-estar.<\/p>\n<p><strong>As perdas que marcaram o ano<\/strong><\/p>\n<p>O ano fica assinalado por perdas que marcaram a agenda medi\u00e1tica \u2014 e, por consequ\u00eancia, nas pesquisas. A <a href=\"https:\/\/www.publico.pt\/2025\/07\/03\/desporto\/noticia\/diogo-jota-19962025-dia-triste-futebol-reage-montenegro-2138792\" rel=\"nofollow noopener\" target=\"_blank\">morte de Diogo Jota<\/a>, em Julho, aos 28 anos, provocou como\u00e7\u00e3o e enorme volume de procura por informa\u00e7\u00e3o sobre o acidente e a carreira do jogador.<\/p>\n<p>Entre os nomes mais pesquisados surgem tamb\u00e9m <a href=\"https:\/\/www.publico.pt\/2025\/07\/22\/culturaipsilon\/noticia\/morreu-cantor-ozzy-osbourne-2141369\" rel=\"nofollow noopener\" target=\"_blank\">Ozzy Osbourne<\/a>, figura maior do rock, e a artista brasileira <a href=\"https:\/\/www.publico.pt\/2025\/07\/21\/publico-brasil\/noticia\/morre-cantora-preta-gil-filha-gilberto-gil-50-anos-2141081\" rel=\"nofollow noopener\" target=\"_blank\">Preta Gil<\/a>. Despedidas que, cada uma \u00e0 sua escala, contribu\u00edram para o tom melanc\u00f3lico com que 2025 encerra.<\/p>\n","protected":false},"excerpt":{"rendered":"O retrato digital de 2025 comp\u00f5e-se como um mosaico de inquieta\u00e7\u00f5es, entusiasmos colectivos e pequenas perplexidades lingu\u00edsticas. Mais&hellip;\n","protected":false},"author":2,"featured_media":176310,"comment_status":"","ping_status":"","sticky":false,"template":"","format":"standard","meta":{"footnotes":""},"categories":[50],"tags":[995,27,28,353,246,15,16,14,25,26,21,22,62,12,13,19,20,23,24,110,17,18,29,30,31,63,64,65],"class_list":{"0":"post-176309","1":"post","2":"type-post","3":"status-publish","4":"format-standard","5":"has-post-thumbnail","7":"category-mundo","8":"tag-abre-conteudo","9":"tag-breaking-news","10":"tag-breakingnews","11":"tag-em-destaque","12":"tag-enter","13":"tag-featured-news","14":"tag-featurednews","15":"tag-headlines","16":"tag-latest-news","17":"tag-latestnews","18":"tag-main-news","19":"tag-mainnews","20":"tag-mundo","21":"tag-news","22":"tag-noticias","23":"tag-noticias-principais","24":"tag-noticiasprincipais","25":"tag-principais-noticias","26":"tag-principaisnoticias","27":"tag-tecnologia","28":"tag-top-stories","29":"tag-topstories","30":"tag-ultimas","31":"tag-ultimas-noticias","32":"tag-ultimasnoticias","33":"tag-world","34":"tag-world-news","35":"tag-worldnews"},"share_on_mastodon":{"url":"https:\/\/pubeurope.com\/@pt\/115665544372265650","error":""},"_links":{"self":[{"href":"https:\/\/www.europesays.com\/pt\/wp-json\/wp\/v2\/posts\/176309","targetHints":{"allow":["GET"]}}],"collection":[{"href":"https:\/\/www.europesays.com\/pt\/wp-json\/wp\/v2\/posts"}],"about":[{"href":"https:\/\/www.europesays.com\/pt\/wp-json\/wp\/v2\/types\/post"}],"author":[{"embeddable":true,"href":"https:\/\/www.europesays.com\/pt\/wp-json\/wp\/v2\/users\/2"}],"replies":[{"embeddable":true,"href":"https:\/\/www.europesays.com\/pt\/wp-json\/wp\/v2\/comments?post=176309"}],"version-history":[{"count":0,"href":"https:\/\/www.europesays.com\/pt\/wp-json\/wp\/v2\/posts\/176309\/revisions"}],"wp:featuredmedia":[{"embeddable":true,"href":"https:\/\/www.europesays.com\/pt\/wp-json\/wp\/v2\/media\/176310"}],"wp:attachment":[{"href":"https:\/\/www.europesays.com\/pt\/wp-json\/wp\/v2\/media?parent=176309"}],"wp:term":[{"taxonomy":"category","embeddable":true,"href":"https:\/\/www.europesays.com\/pt\/wp-json\/wp\/v2\/categories?post=176309"},{"taxonomy":"post_tag","embeddable":true,"href":"https:\/\/www.europesays.com\/pt\/wp-json\/wp\/v2\/tags?post=176309"}],"curies":[{"name":"wp","href":"https:\/\/api.w.org\/{rel}","templated":true}]}}