{"id":176408,"date":"2025-12-05T09:49:13","date_gmt":"2025-12-05T09:49:13","guid":{"rendered":"https:\/\/www.europesays.com\/pt\/176408\/"},"modified":"2025-12-05T09:49:13","modified_gmt":"2025-12-05T09:49:13","slug":"terra-forte-rosinha-deixa-dudu-em-panico-com-segredo-de-maria-de-fatima-isso-e-bizarro-novelas","status":"publish","type":"post","link":"https:\/\/www.europesays.com\/pt\/176408\/","title":{"rendered":"Terra\u00a0Forte- Rosinha deixa Dudu em p\u00e2nico com segredo de Maria de F\u00e1tima: \u00abIsso \u00e9 bizarro\u00bb &#8211; Novelas"},"content":{"rendered":"<p>Em \u00abTerra\u00a0Forte\u00bb, Rosinha (Francisca Salgado) diz a Dudu (Tom\u00e1s Taborda) que Maria de F\u00e1tima (Rita Pereira) e Cobra (Ricardo Burgos) podiam estar a falar de Vivi (Sofia Nicholson)e da filha. Comenta que lhe pareceu que Maria de F\u00e1tima e Cobra s\u00e3o mais \u00edntimos do pensavam e Dudu admite que tamb\u00e9m n\u00e3o sabia disso. Rosinha pergunta-lhe se vai contar aquilo a Sammy (Jos\u00e9 Fidalgo) e ele fica pensativo.<\/p>\n","protected":false},"excerpt":{"rendered":"Em \u00abTerra\u00a0Forte\u00bb, Rosinha (Francisca Salgado) diz a Dudu (Tom\u00e1s Taborda) que Maria de F\u00e1tima (Rita Pereira) e Cobra&hellip;\n","protected":false},"author":2,"featured_media":176409,"comment_status":"","ping_status":"","sticky":false,"template":"","format":"standard","meta":{"footnotes":""},"categories":[142],"tags":[160,166,114,115,157,167,164,2931,161,158,165,159,32,33,156,18614,163,151,162],"class_list":{"0":"post-176408","1":"post","2":"type-post","3":"status-publish","4":"format-standard","5":"has-post-thumbnail","7":"category-tv","8":"tag-ana-guiomar","9":"tag-cristina-ferreira","10":"tag-entertainment","11":"tag-entretenimento","12":"tag-festa-e-festa","13":"tag-ficcao","14":"tag-jose-fidalgo","15":"tag-novela","16":"tag-novelas","17":"tag-para-sempre","18":"tag-pedro-sousa","19":"tag-pedro-teixeira","20":"tag-portugal","21":"tag-pt","22":"tag-queridos-papas","23":"tag-terra-forte","24":"tag-tiago-teotonio-pereira","25":"tag-tv","26":"tag-tvi"},"share_on_mastodon":{"url":"https:\/\/pubeurope.com\/@pt\/115666338597736310","error":""},"_links":{"self":[{"href":"https:\/\/www.europesays.com\/pt\/wp-json\/wp\/v2\/posts\/176408","targetHints":{"allow":["GET"]}}],"collection":[{"href":"https:\/\/www.europesays.com\/pt\/wp-json\/wp\/v2\/posts"}],"about":[{"href":"https:\/\/www.europesays.com\/pt\/wp-json\/wp\/v2\/types\/post"}],"author":[{"embeddable":true,"href":"https:\/\/www.europesays.com\/pt\/wp-json\/wp\/v2\/users\/2"}],"replies":[{"embeddable":true,"href":"https:\/\/www.europesays.com\/pt\/wp-json\/wp\/v2\/comments?post=176408"}],"version-history":[{"count":0,"href":"https:\/\/www.europesays.com\/pt\/wp-json\/wp\/v2\/posts\/176408\/revisions"}],"wp:featuredmedia":[{"embeddable":true,"href":"https:\/\/www.europesays.com\/pt\/wp-json\/wp\/v2\/media\/176409"}],"wp:attachment":[{"href":"https:\/\/www.europesays.com\/pt\/wp-json\/wp\/v2\/media?parent=176408"}],"wp:term":[{"taxonomy":"category","embeddable":true,"href":"https:\/\/www.europesays.com\/pt\/wp-json\/wp\/v2\/categories?post=176408"},{"taxonomy":"post_tag","embeddable":true,"href":"https:\/\/www.europesays.com\/pt\/wp-json\/wp\/v2\/tags?post=176408"}],"curies":[{"name":"wp","href":"https:\/\/api.w.org\/{rel}","templated":true}]}}