{"id":176422,"date":"2025-12-05T10:03:09","date_gmt":"2025-12-05T10:03:09","guid":{"rendered":"https:\/\/www.europesays.com\/pt\/176422\/"},"modified":"2025-12-05T10:03:09","modified_gmt":"2025-12-05T10:03:09","slug":"vem-ai-em-terra-forte-filhos-de-vivi-podem-vir-a-ser-os-novos-donos-da-acoreana-novelas","status":"publish","type":"post","link":"https:\/\/www.europesays.com\/pt\/176422\/","title":{"rendered":"Vem a\u00ed em \u00abTerra Forte\u00bb: Filhos de Vivi podem vir a ser os novos donos da A\u00e7oreana? &#8211; Novelas"},"content":{"rendered":"<p>Em \u00abTerra Forte\u00bb, Delfina (Elsa Galv\u00e3o) est\u00e1 contrariada por o stand-up de <a href=\"https:\/\/tvi.iol.pt\/novelas\/videos\/maria-de-fatima-toma-decisao-sobre-vivi-esta-demitida\/68f8e7750cf285ab53a6b259\" rel=\"nofollow noopener\" target=\"_blank\">Vivi (Sofia Nicholson)<\/a>\u00a0estar ali no Ninho, dizendo que os homens ainda v\u00e3o come\u00e7ar com ideias ao verem aquilo. <a href=\"https:\/\/tvi.iol.pt\/novelas\/fotos\/vem-ai-em-terra-forte-em-lagrimas-e-rejeitada-rosa-maria-deixa-flor-para-tras\/68f64dafd34e58bc6797196e\" rel=\"nofollow noopener\" target=\"_blank\">Rosa Maria (Cust\u00f3dia Gallego)<\/a> repreende Delfina. Rufino (Vitor Norte) admite que n\u00e3o se importaria de ter conhecido melhor Vivi, Delfina olha-o furiosa.<\/p>\n<p><a href=\"https:\/\/tvi.iol.pt\/novelas\/videos\/terra-forte-manuel-tira-toda-a-fortuna-alvaro\/68f61d3d0cf285ab53a6aafc\" rel=\"nofollow noopener\" target=\"_blank\">\u00c1lvaro (Jos\u00e9 Wallenstein)<\/a>\u00a0fala com os filhos de Vivi, que admitem virem tempos dif\u00edceis sem a m\u00e3e presente. \u00c1lvaro olha de novo interessado para <a href=\"https:\/\/tvi.iol.pt\/novelas\/videos\/terra-forte-babi-envolve-se-com-o-maior-inimigo-do-pai\/6913709f0cf2559133760eec\" rel=\"nofollow noopener\" target=\"_blank\">Babi (Melissa Matos)<\/a>. \u00c1lvaro diz aos jovens ter uma proposta para lhes fazer.<\/p>\n<p>\u00c1lvaro prop\u00f5e aos filhos de Vivi que eles consigam descobrir o que Vivi sabia sobre <a href=\"https:\/\/tvi.iol.pt\/novelas\/videos\/terra-forte-maria-de-fatima-e-manuel-tinham-um-caso\/68f65cdc0cf29d28d82976cb\" rel=\"nofollow noopener\" target=\"_blank\">Maria de F\u00e1tima (Rita Pereira)<\/a>, sugerindo inclusivamente a Vini (Gustavo Alves) dar-lhe uma percentagem da A\u00e7oreana se conseguir afastar Maria de F\u00e1tima da empresa. Vini fica pensativo.<\/p>\n<p>Recorde-se que Vivi est\u00e1 desaparecida:<\/p>\n","protected":false},"excerpt":{"rendered":"Em \u00abTerra Forte\u00bb, Delfina (Elsa Galv\u00e3o) est\u00e1 contrariada por o stand-up de Vivi (Sofia Nicholson)\u00a0estar ali no Ninho,&hellip;\n","protected":false},"author":2,"featured_media":176423,"comment_status":"","ping_status":"","sticky":false,"template":"","format":"standard","meta":{"footnotes":""},"categories":[142],"tags":[20282,160,32102,166,114,115,157,167,29764,164,2728,32101,161,158,165,159,32,33,156,18614,163,151,162,23558,28302],"class_list":{"0":"post-176422","1":"post","2":"type-post","3":"status-publish","4":"format-standard","5":"has-post-thumbnail","7":"category-tv","8":"tag-alvaro","9":"tag-ana-guiomar","10":"tag-babi","11":"tag-cristina-ferreira","12":"tag-entertainment","13":"tag-entretenimento","14":"tag-festa-e-festa","15":"tag-ficcao","16":"tag-gustavo-alves","17":"tag-jose-fidalgo","18":"tag-jose-wallenstein","19":"tag-melissa-matos","20":"tag-novelas","21":"tag-para-sempre","22":"tag-pedro-sousa","23":"tag-pedro-teixeira","24":"tag-portugal","25":"tag-pt","26":"tag-queridos-papas","27":"tag-terra-forte","28":"tag-tiago-teotonio-pereira","29":"tag-tv","30":"tag-tvi","31":"tag-vini","32":"tag-vivi"},"share_on_mastodon":{"url":"https:\/\/pubeurope.com\/@pt\/115666393677109968","error":""},"_links":{"self":[{"href":"https:\/\/www.europesays.com\/pt\/wp-json\/wp\/v2\/posts\/176422","targetHints":{"allow":["GET"]}}],"collection":[{"href":"https:\/\/www.europesays.com\/pt\/wp-json\/wp\/v2\/posts"}],"about":[{"href":"https:\/\/www.europesays.com\/pt\/wp-json\/wp\/v2\/types\/post"}],"author":[{"embeddable":true,"href":"https:\/\/www.europesays.com\/pt\/wp-json\/wp\/v2\/users\/2"}],"replies":[{"embeddable":true,"href":"https:\/\/www.europesays.com\/pt\/wp-json\/wp\/v2\/comments?post=176422"}],"version-history":[{"count":0,"href":"https:\/\/www.europesays.com\/pt\/wp-json\/wp\/v2\/posts\/176422\/revisions"}],"wp:featuredmedia":[{"embeddable":true,"href":"https:\/\/www.europesays.com\/pt\/wp-json\/wp\/v2\/media\/176423"}],"wp:attachment":[{"href":"https:\/\/www.europesays.com\/pt\/wp-json\/wp\/v2\/media?parent=176422"}],"wp:term":[{"taxonomy":"category","embeddable":true,"href":"https:\/\/www.europesays.com\/pt\/wp-json\/wp\/v2\/categories?post=176422"},{"taxonomy":"post_tag","embeddable":true,"href":"https:\/\/www.europesays.com\/pt\/wp-json\/wp\/v2\/tags?post=176422"}],"curies":[{"name":"wp","href":"https:\/\/api.w.org\/{rel}","templated":true}]}}