{"id":176424,"date":"2025-12-05T10:05:17","date_gmt":"2025-12-05T10:05:17","guid":{"rendered":"https:\/\/www.europesays.com\/pt\/176424\/"},"modified":"2025-12-05T10:05:17","modified_gmt":"2025-12-05T10:05:17","slug":"criticos-do-globo-elegem-os-melhores-filmes-do-ano","status":"publish","type":"post","link":"https:\/\/www.europesays.com\/pt\/176424\/","title":{"rendered":"cr\u00edticos do GLOBO elegem os melhores filmes do ano"},"content":{"rendered":"\n<p class=\" content-text__container theme-color-primary-first-letter\" data-track-category=\"Link no Texto\" data-track-links=\"\"> Os cr\u00edticos de cinema do GLOBO fizeram suas listas com os melhores filmes do ano. Entre os eleitos, figura, por exemplo, o longa \u201cValor sentimental\u201d, de Joachim Trier, que s\u00f3 vai estrear no dia de Natal, mas est\u00e1 valendo porque ainda ser\u00e1 2025. J\u00e1 outros entraram em circuito no in\u00edcio do ano \u2014 e levantam at\u00e9 d\u00favidas na mem\u00f3ria se n\u00e3o era 2024. Mas h\u00e1 tamb\u00e9m exemplo de filme fresquinho, que estreou ontem nos cinemas brasileiros: \u00e9 o caso de \u201cFoi apenas um acidente\u201d, de Jafar Panahi. <\/p>\n","protected":false},"excerpt":{"rendered":"Os cr\u00edticos de cinema do GLOBO fizeram suas listas com os melhores filmes do ano. Entre os eleitos,&hellip;\n","protected":false},"author":2,"featured_media":176425,"comment_status":"","ping_status":"","sticky":false,"template":"","format":"standard","meta":{"footnotes":""},"categories":[140],"tags":[15935,36552,114,115,147,148,146,2158,32,33,679],"class_list":{"0":"post-176424","1":"post","2":"type-post","3":"status-publish","4":"format-standard","5":"has-post-thumbnail","7":"category-filmes","8":"tag-anora","9":"tag-conclave-2024","10":"tag-entertainment","11":"tag-entretenimento","12":"tag-film","13":"tag-filmes","14":"tag-movies","15":"tag-o-agente-secreto","16":"tag-portugal","17":"tag-pt","18":"tag-reportagem"},"share_on_mastodon":{"url":"https:\/\/pubeurope.com\/@pt\/115666401745368246","error":""},"_links":{"self":[{"href":"https:\/\/www.europesays.com\/pt\/wp-json\/wp\/v2\/posts\/176424","targetHints":{"allow":["GET"]}}],"collection":[{"href":"https:\/\/www.europesays.com\/pt\/wp-json\/wp\/v2\/posts"}],"about":[{"href":"https:\/\/www.europesays.com\/pt\/wp-json\/wp\/v2\/types\/post"}],"author":[{"embeddable":true,"href":"https:\/\/www.europesays.com\/pt\/wp-json\/wp\/v2\/users\/2"}],"replies":[{"embeddable":true,"href":"https:\/\/www.europesays.com\/pt\/wp-json\/wp\/v2\/comments?post=176424"}],"version-history":[{"count":0,"href":"https:\/\/www.europesays.com\/pt\/wp-json\/wp\/v2\/posts\/176424\/revisions"}],"wp:featuredmedia":[{"embeddable":true,"href":"https:\/\/www.europesays.com\/pt\/wp-json\/wp\/v2\/media\/176425"}],"wp:attachment":[{"href":"https:\/\/www.europesays.com\/pt\/wp-json\/wp\/v2\/media?parent=176424"}],"wp:term":[{"taxonomy":"category","embeddable":true,"href":"https:\/\/www.europesays.com\/pt\/wp-json\/wp\/v2\/categories?post=176424"},{"taxonomy":"post_tag","embeddable":true,"href":"https:\/\/www.europesays.com\/pt\/wp-json\/wp\/v2\/tags?post=176424"}],"curies":[{"name":"wp","href":"https:\/\/api.w.org\/{rel}","templated":true}]}}