{"id":176430,"date":"2025-12-05T10:08:31","date_gmt":"2025-12-05T10:08:31","guid":{"rendered":"https:\/\/www.europesays.com\/pt\/176430\/"},"modified":"2025-12-05T10:08:31","modified_gmt":"2025-12-05T10:08:31","slug":"decisao-do-tribunal-pode-atrasar-julgamento-de-jose-castelo-branco","status":"publish","type":"post","link":"https:\/\/www.europesays.com\/pt\/176430\/","title":{"rendered":"decis\u00e3o do tribunal pode atrasar julgamento de Jos\u00e9 Castelo Branco"},"content":{"rendered":"<p>Mudan\u00e7a inesperada no caso <a href=\"https:\/\/infocul.pt\/advogado-de-betty-grafstein-acusado-de-odio-pessoal-a-jose-castelo-branco-polemica-explode-no-tarde-das-estrelas\/\" rel=\"nofollow noopener\" target=\"_blank\">Betty Grafstein<\/a>: decis\u00e3o do tribunal pode atrasar julgamento de Jos\u00e9 Castelo Branco, segundo foi revelado.<\/p>\n<p>Tribunal de Sintra afasta-se do caso<\/p>\n<p>O processo de viol\u00eancia dom\u00e9stica apresentado por Betty Grafstein contra Jos\u00e9 Castelo Branco sofreu uma reviravolta. O Tribunal de Sintra declarou-se <strong>\u201cn\u00e3o competente\u201d<\/strong> para julgar o caso, uma vez que os factos denunciados ter\u00e3o ocorrido noutro concelho. Assim, o processo ser\u00e1 agora conduzido pelo Tribunal de Cascais.<\/p>\n<p>Al\u00e9m disso, esta mudan\u00e7a resulta unicamente do local onde os incidentes ter\u00e3o acontecido, conforme apurou a TV 7 Dias.<\/p>\n<p>Advogado esclarece motivo da transfer\u00eancia<\/p>\n<p>Logo depois, o advogado de Betty Grafstein, Alexandre Guerreiro, explicou \u00e0 mesma publica\u00e7\u00e3o que a altera\u00e7\u00e3o de tribunal se deve a um erro inicial na distribui\u00e7\u00e3o. Segundo disse, <strong>\u201cacontece porque os erros principais foram os factos em Cascais, no hotel onde a Betty e o Jos\u00e9 Castelo Branco estavam hospedados. E a CUF, ao fazer a den\u00fancia, enganou-se e mandou para Sintra e n\u00e3o para Cascais porque ambos os tribunais pertencem \u00e0 Comarca de Lisboa Oeste\u201d<\/strong>.<\/p>\n<p>Por conseguinte, o processo segue agora para o tribunal territorialmente competente.<\/p>\n<p>Julgamento n\u00e3o recome\u00e7a do zero<\/p>\n<p>Entretanto, o advogado garantiu que a mudan\u00e7a n\u00e3o implica repetir etapas j\u00e1 conclu\u00eddas. Nas suas palavras, <strong>\u201cisto n\u00e3o vai come\u00e7ar do zero. Isto quer dizer que tudo aquilo que foi feito vai ser transferido para Cascais e o julgamento vai ser realizado em Cascais. V\u00e3o ser uns dias de atraso\u201d<\/strong>.<\/p>\n<p>Al\u00e9m disso, detalhou que a transfer\u00eancia ocorreu ap\u00f3s o fim do prazo de recurso da decis\u00e3o de Sintra, que terminou a 26 de novembro.<\/p>\n<p>Pr\u00f3ximos passos processuais<\/p>\n<p>Por fim, Alexandre Guerreiro explicou o que acontece agora. <strong>\u201cDepois \u00e9 feita a distribui\u00e7\u00e3o e depois o Jos\u00e9 Castelo Branco vai ser notificado para apresentar a contesta\u00e7\u00e3o. Depois, quando passar esse prazo de contesta\u00e7\u00e3o, \u00e9 uma quest\u00e3o de o juiz apreciar se h\u00e1 ali alguma causa de nulidade ou n\u00e3o. N\u00e3o havendo, marca o julgamento\u201d<\/strong>, afirmou.<\/p>\n<p>Recorde-se que Jos\u00e9 Castelo Branco est\u00e1 acusado de viol\u00eancia dom\u00e9stica agravada, relacionada com alegadas agress\u00f5es f\u00edsicas e verbais \u00e0 esposa. A den\u00fancia surgiu ap\u00f3s o internamento de Betty Grafstein na CUF Cascais, a 20 de abril de 2024, quando ter\u00e1 sofrido uma queda alegadamente provocada por um empurr\u00e3o.<\/p>\n<p><a href=\"https:\/\/news.google.com\/publications\/CAAqBwgKMKfIoAswtNK4Aw\" target=\"_blank\" rel=\"noopener noreferrer nofollow\"><img loading=\"lazy\" data-lazyloaded=\"1\" width=\"481\" height=\"161\" decoding=\"async\" src=\"\/wp-content\/uploads\/2024\/02\/GN_siganos.png\" alt=\"Siga-nos no Google News\" style=\"margin-top:20px;\"\/><\/a><\/p>\n","protected":false},"excerpt":{"rendered":"Mudan\u00e7a inesperada no caso Betty Grafstein: decis\u00e3o do tribunal pode atrasar julgamento de Jos\u00e9 Castelo Branco, segundo foi&hellip;\n","protected":false},"author":2,"featured_media":176431,"comment_status":"","ping_status":"","sticky":false,"template":"","format":"standard","meta":{"footnotes":""},"categories":[85],"tags":[3298,114,115,3297,32,33],"class_list":{"0":"post-176430","1":"post","2":"type-post","3":"status-publish","4":"format-standard","5":"has-post-thumbnail","7":"category-entretenimento","8":"tag-betty-grafstein","9":"tag-entertainment","10":"tag-entretenimento","11":"tag-jose-castelo-branco","12":"tag-portugal","13":"tag-pt"},"share_on_mastodon":{"url":"https:\/\/pubeurope.com\/@pt\/115666413565106965","error":""},"_links":{"self":[{"href":"https:\/\/www.europesays.com\/pt\/wp-json\/wp\/v2\/posts\/176430","targetHints":{"allow":["GET"]}}],"collection":[{"href":"https:\/\/www.europesays.com\/pt\/wp-json\/wp\/v2\/posts"}],"about":[{"href":"https:\/\/www.europesays.com\/pt\/wp-json\/wp\/v2\/types\/post"}],"author":[{"embeddable":true,"href":"https:\/\/www.europesays.com\/pt\/wp-json\/wp\/v2\/users\/2"}],"replies":[{"embeddable":true,"href":"https:\/\/www.europesays.com\/pt\/wp-json\/wp\/v2\/comments?post=176430"}],"version-history":[{"count":0,"href":"https:\/\/www.europesays.com\/pt\/wp-json\/wp\/v2\/posts\/176430\/revisions"}],"wp:featuredmedia":[{"embeddable":true,"href":"https:\/\/www.europesays.com\/pt\/wp-json\/wp\/v2\/media\/176431"}],"wp:attachment":[{"href":"https:\/\/www.europesays.com\/pt\/wp-json\/wp\/v2\/media?parent=176430"}],"wp:term":[{"taxonomy":"category","embeddable":true,"href":"https:\/\/www.europesays.com\/pt\/wp-json\/wp\/v2\/categories?post=176430"},{"taxonomy":"post_tag","embeddable":true,"href":"https:\/\/www.europesays.com\/pt\/wp-json\/wp\/v2\/tags?post=176430"}],"curies":[{"name":"wp","href":"https:\/\/api.w.org\/{rel}","templated":true}]}}