{"id":176434,"date":"2025-12-05T10:11:14","date_gmt":"2025-12-05T10:11:14","guid":{"rendered":"https:\/\/www.europesays.com\/pt\/176434\/"},"modified":"2025-12-05T10:11:14","modified_gmt":"2025-12-05T10:11:14","slug":"vaticano-diz-que-atos-sexuais-nao-se-limitam-a-assegurar-a-procriacao-e-reconhece-finalidade-unitiva","status":"publish","type":"post","link":"https:\/\/www.europesays.com\/pt\/176434\/","title":{"rendered":"Vaticano diz que atos sexuais &#8220;n\u00e3o se limitam a assegurar a procria\u00e7\u00e3o&#8221; e reconhece &#8220;finalidade unitiva&#8221;"},"content":{"rendered":"<p>Um documento divulgado pela Igreja Cat\u00f3lica no final de novembro enfatiza que os atos sexuais &#8220;n\u00e3o se limitam a assegurar a procria\u00e7\u00e3o, mas contribuem para enriquecer e fortalecer a uni\u00e3o \u00fanica e exclusiva e o sentimento de pertencimento m\u00fatuo&#8221;, reconhecendo assim uma &#8220;finalidade unitiva da sexualidade&#8221;.<\/p>\n<p>A nota doutrinal assinada pelo Dicast\u00e9rio para a Doutrina da F\u00e9 foi divulgada com a aprova\u00e7\u00e3o do papa Le\u00e3o XIV \u00e9 uma defesa cat\u00f3lica da uni\u00e3o monog\u00e2mica entre homem e mulher e foi publicada apenas em italiano.<\/p>\n<p>No texto, pode ler-se que &#8220;nas \u00faltimas d\u00e9cadas&#8221;, devido ao &#8220;contexto do individualismo consumista p\u00f3s-moderno&#8221;, diversos problemas tiveram origem na &#8220;procura excessiva e descontrolada pelo sexo ou da simples nega\u00e7\u00e3o da finalidade procriativa da sexualidade&#8221;.<\/p>\n<p>A nota salienta ainda que tamb\u00e9m houve uma &#8220;nega\u00e7\u00e3o expl\u00edcita da finalidade unitiva da sexualidade e do pr\u00f3prio casamento&#8221;, incentivo &#8220;o desejo de troca emocional, pelas pr\u00f3prias rela\u00e7\u00f5es sexuais, mas tamb\u00e9m pelo di\u00e1logo e pela coopera\u00e7\u00e3o&#8221;.<\/p>\n<p>O documento refere que uma &#8220;vis\u00e3o integral da caridade conjugal&#8221; \u00e9 aquela que &#8220;n\u00e3o nega a sua fecundidade&#8221;, mas que &#8220;a uni\u00e3o sexual, como forma de express\u00e3o da caridade conjugal&#8221;, ainda que &#8220;deva naturalmente permanecer aberta \u00e0 comunica\u00e7\u00e3o da vida&#8221;, n\u00e3o precisa ter nesse fim o &#8220;objetivo expl\u00edcito de cada ato sexual&#8221;.<\/p>\n<p>O texto apresenta, nesse sentido, tr\u00eas possibilidades: a vida sexual de casais que n\u00e3o podem ter filhos; que um casal n\u00e3o procure conscientemente um determinado ato sexual como meio de procria\u00e7\u00e3o; e o respeito pelos &#8220;per\u00edodos naturais de infertilidade&#8221;, o que pode servir n\u00e3o s\u00f3 para regular as taxas de natalidade, mas tamb\u00e9m para escolher os momentos mais adequados para acolher uma nova vida&#8221;.<\/p>\n<p>A nota frisa que &#8220;o casal pode aproveitar esses per\u00edodos como manifesta\u00e7\u00e3o de afeto e para salvaguardar a fidelidade m\u00fatua&#8221;, demonstrando &#8220;um amor verdadeiramente e completamente honesto&#8221;.<\/p>\n<p>Esta postura n\u00e3o \u00e9 completamente in\u00e9dita em documentos do catolicismo, mas a tradi\u00e7\u00e3o, expressa em manuais mais antigos, aponta para muitas recomenda\u00e7\u00f5es para a absten\u00e7\u00e3o das pr\u00e1ticas sexuais, mesmo dentro do casamento.<\/p>\n","protected":false},"excerpt":{"rendered":"Um documento divulgado pela Igreja Cat\u00f3lica no final de novembro enfatiza que os atos sexuais &#8220;n\u00e3o se limitam&hellip;\n","protected":false},"author":2,"featured_media":176435,"comment_status":"","ping_status":"","sticky":false,"template":"","format":"standard","meta":{"footnotes":""},"categories":[50],"tags":[27,28,15,16,14,545,25,26,21,22,62,12,13,19,20,23,24,216,17,18,29,30,31,63,64,65],"class_list":{"0":"post-176434","1":"post","2":"type-post","3":"status-publish","4":"format-standard","5":"has-post-thumbnail","7":"category-mundo","8":"tag-breaking-news","9":"tag-breakingnews","10":"tag-featured-news","11":"tag-featurednews","12":"tag-headlines","13":"tag-igreja-catolica","14":"tag-latest-news","15":"tag-latestnews","16":"tag-main-news","17":"tag-mainnews","18":"tag-mundo","19":"tag-news","20":"tag-noticias","21":"tag-noticias-principais","22":"tag-noticiasprincipais","23":"tag-principais-noticias","24":"tag-principaisnoticias","25":"tag-sexo","26":"tag-top-stories","27":"tag-topstories","28":"tag-ultimas","29":"tag-ultimas-noticias","30":"tag-ultimasnoticias","31":"tag-world","32":"tag-world-news","33":"tag-worldnews"},"share_on_mastodon":{"url":"https:\/\/pubeurope.com\/@pt\/115666425192682405","error":""},"_links":{"self":[{"href":"https:\/\/www.europesays.com\/pt\/wp-json\/wp\/v2\/posts\/176434","targetHints":{"allow":["GET"]}}],"collection":[{"href":"https:\/\/www.europesays.com\/pt\/wp-json\/wp\/v2\/posts"}],"about":[{"href":"https:\/\/www.europesays.com\/pt\/wp-json\/wp\/v2\/types\/post"}],"author":[{"embeddable":true,"href":"https:\/\/www.europesays.com\/pt\/wp-json\/wp\/v2\/users\/2"}],"replies":[{"embeddable":true,"href":"https:\/\/www.europesays.com\/pt\/wp-json\/wp\/v2\/comments?post=176434"}],"version-history":[{"count":0,"href":"https:\/\/www.europesays.com\/pt\/wp-json\/wp\/v2\/posts\/176434\/revisions"}],"wp:featuredmedia":[{"embeddable":true,"href":"https:\/\/www.europesays.com\/pt\/wp-json\/wp\/v2\/media\/176435"}],"wp:attachment":[{"href":"https:\/\/www.europesays.com\/pt\/wp-json\/wp\/v2\/media?parent=176434"}],"wp:term":[{"taxonomy":"category","embeddable":true,"href":"https:\/\/www.europesays.com\/pt\/wp-json\/wp\/v2\/categories?post=176434"},{"taxonomy":"post_tag","embeddable":true,"href":"https:\/\/www.europesays.com\/pt\/wp-json\/wp\/v2\/tags?post=176434"}],"curies":[{"name":"wp","href":"https:\/\/api.w.org\/{rel}","templated":true}]}}