{"id":176436,"date":"2025-12-05T10:15:19","date_gmt":"2025-12-05T10:15:19","guid":{"rendered":"https:\/\/www.europesays.com\/pt\/176436\/"},"modified":"2025-12-05T10:15:19","modified_gmt":"2025-12-05T10:15:19","slug":"ja-nasceu-o-segundo-filho-de-tatiana-e-ruben-boa-nova-veja-a-imagem-do-bebe","status":"publish","type":"post","link":"https:\/\/www.europesays.com\/pt\/176436\/","title":{"rendered":"J\u00e1 nasceu o segundo filho de Tatiana e Ruben Boa Nova: veja a imagem do beb\u00e9!"},"content":{"rendered":"<p>Nasceu, esta quarta-feira, dia 3, o segundo filho de\u00a0Tatiana e <a href=\"https:\/\/selfie.iol.pt\/famosos\/casa-dos-segredos\/em-foto-reveladora-ruben-boa-nova-deixa-esclarecimento-sobre-o-filho-mais-novo-e-pede-calma\/20251011\/68ea4d68d34e58bc6796c720\" target=\"_blank\" rel=\"nofollow noopener\">Ruben Boa Nova<\/a>. A boa-nova foi dada no dia seguinte ao parte, atrav\u00e9s de uma publica\u00e7\u00e3o conjunta realizada, no Instagram, pelo casal.<\/p>\n<p>&#8220;03\/12\/2025. Bem-vindo, Rodrigo Boa Nova&#8221;, escreveram os ex-concorrentes do reality show da <a href=\"https:\/\/tvi.iol.pt\/\" target=\"_blank\" rel=\"nofollow noopener\">TVI<\/a> &#8220;<a href=\"https:\/\/tvi.iol.pt\/secretstory\/\" target=\"_blank\" rel=\"nofollow noopener\">Secret Story<\/a> &#8211; Casa dos Segredos&#8221;, como legenda de uma fotografia em que surgem com o beb\u00e9.<\/p>\n<p>Rodrigo vem, assim, juntar-se a Louren\u00e7o, o filho mais velho de\u00a0Tatiana e <a href=\"https:\/\/selfie.iol.pt\/famosos\/tatiana-boa-nova\/tatiana-e-ruben-boa-nova-anunciam-nome-do-segundo-filho-apos-muita-discordia-e-muitas-opcoes\/20251005\/68e26912d34e58bc67968a38\" target=\"_blank\" rel=\"nofollow noopener\">Ruben Boa Nova<\/a>, prestes a completar sete anos.<\/p>\n<p style=\"text-align:center\"><img loading=\"lazy\" decoding=\"async\" alt=\"\" height=\"667\" src=\"https:\/\/www.europesays.com\/pt\/wp-content\/uploads\/2025\/12\/6931dd8bd34e2bd5c6d4c142.webp\" width=\"500\"\/><\/p>\n<p>\u00a0<\/p>\n","protected":false},"excerpt":{"rendered":"Nasceu, esta quarta-feira, dia 3, o segundo filho de\u00a0Tatiana e Ruben Boa Nova. A boa-nova foi dada no&hellip;\n","protected":false},"author":2,"featured_media":176437,"comment_status":"","ping_status":"","sticky":false,"template":"","format":"standard","meta":{"footnotes":""},"categories":[145],"tags":[2557,2632,211,210,114,115,980,3435,1870,1015,36553,619,11439,4897,11443,32,33,1014,14016,2631,1315,6985,1012,6986,2630,162],"class_list":{"0":"post-176436","1":"post","2":"type-post","3":"status-publish","4":"format-standard","5":"has-post-thumbnail","7":"category-celebridades","8":"tag-bebe","9":"tag-casa-dos-segredos","10":"tag-celebridades","11":"tag-celebrities","12":"tag-entertainment","13":"tag-entretenimento","14":"tag-famosos","15":"tag-filho","16":"tag-filhos","17":"tag-instagram","18":"tag-lourenco","19":"tag-nacional","20":"tag-nasceu","21":"tag-nascimento","22":"tag-nascimentos-2025","23":"tag-portugal","24":"tag-pt","25":"tag-reality-show","26":"tag-rodrigo","27":"tag-ruben-boa-nova","28":"tag-secret-story","29":"tag-secret-story-casa-dos-segredos","30":"tag-selfie","31":"tag-ss","32":"tag-tatiana-boa-nova","33":"tag-tvi"},"share_on_mastodon":{"url":"https:\/\/pubeurope.com\/@pt\/115666441121121486","error":""},"_links":{"self":[{"href":"https:\/\/www.europesays.com\/pt\/wp-json\/wp\/v2\/posts\/176436","targetHints":{"allow":["GET"]}}],"collection":[{"href":"https:\/\/www.europesays.com\/pt\/wp-json\/wp\/v2\/posts"}],"about":[{"href":"https:\/\/www.europesays.com\/pt\/wp-json\/wp\/v2\/types\/post"}],"author":[{"embeddable":true,"href":"https:\/\/www.europesays.com\/pt\/wp-json\/wp\/v2\/users\/2"}],"replies":[{"embeddable":true,"href":"https:\/\/www.europesays.com\/pt\/wp-json\/wp\/v2\/comments?post=176436"}],"version-history":[{"count":0,"href":"https:\/\/www.europesays.com\/pt\/wp-json\/wp\/v2\/posts\/176436\/revisions"}],"wp:featuredmedia":[{"embeddable":true,"href":"https:\/\/www.europesays.com\/pt\/wp-json\/wp\/v2\/media\/176437"}],"wp:attachment":[{"href":"https:\/\/www.europesays.com\/pt\/wp-json\/wp\/v2\/media?parent=176436"}],"wp:term":[{"taxonomy":"category","embeddable":true,"href":"https:\/\/www.europesays.com\/pt\/wp-json\/wp\/v2\/categories?post=176436"},{"taxonomy":"post_tag","embeddable":true,"href":"https:\/\/www.europesays.com\/pt\/wp-json\/wp\/v2\/tags?post=176436"}],"curies":[{"name":"wp","href":"https:\/\/api.w.org\/{rel}","templated":true}]}}