{"id":176442,"date":"2025-12-05T10:22:13","date_gmt":"2025-12-05T10:22:13","guid":{"rendered":"https:\/\/www.europesays.com\/pt\/176442\/"},"modified":"2025-12-05T10:22:13","modified_gmt":"2025-12-05T10:22:13","slug":"estudo-associa-ter-um-smartphone-aos-12-anos-a-maior-risco-de-depressao-e-obesidade","status":"publish","type":"post","link":"https:\/\/www.europesays.com\/pt\/176442\/","title":{"rendered":"Estudo associa ter um smartphone aos 12 anos a maior risco de depress\u00e3o e obesidade"},"content":{"rendered":"<p class=\"wp-caption-text top\"><a href=\"https:\/\/www.freepik.com\/free-photo\/boy-sitting-with-book-enthusiastically-engaged-smartphone_22221010.htm\" rel=\"nofollow external noopener noreferrer\" data-wpel-link=\"external\" target=\"_blank\" class=\"ext-link\">zinkevych\/ Freepik<\/a><\/p>\n<p><img decoding=\"async\" loading=\"lazy\" class=\"wp-image-549034 size-kopa-image-size-3\" src=\"https:\/\/www.europesays.com\/pt\/wp-content\/uploads\/2025\/12\/03c7c0ace395d80182db07ae2c30f034-5-783x450.jpg\" alt=\"\" width=\"700\" height=\"402\"  \/><\/p>\n<p><strong>A pesquisa teve em conta fatores socioecon\u00f3micos para isolar o efeito do smartphone e descobriu que as crian\u00e7as com estes telem\u00f3veis t\u00eam um risco acrescido de depress\u00e3o, obesidade e falta de sono.<\/strong><\/p>\n<p>Um novo <a href=\"https:\/\/publications.aap.org\/pediatrics\/article-abstract\/doi\/10.1542\/peds.2025-072941\/205716\/Smartphone-Ownership-Age-of-Smartphone-Acquisition?redirectedFrom=fulltext\" data-wpel-link=\"external\" target=\"_blank\" rel=\"nofollow external noopener noreferrer\" class=\"ext-link\">estudo<\/a> publicado na Pediatrics sugere que dar um smartphone \u00e0s crian\u00e7as aos 12 anos pode estar associado a v\u00e1rios resultados negativos para a sa\u00fade, incluindo taxas mais elevadas de <strong>depress\u00e3o, obesidade e sono insuficiente<\/strong>. As descobertas v\u00eam juntar-se a um crescente corpo de investiga\u00e7\u00e3o que examina como a exposi\u00e7\u00e3o precoce a smartphones pode moldar o desenvolvimento infantil num mundo onde os dispositivos digitais s\u00e3o praticamente inevit\u00e1veis.<\/p>\n<p>O estudo analisou <strong>dados de 10 588 participantes<\/strong> de um projeto em curso nos EUA que acompanha o desenvolvimento cerebral na adolesc\u00eancia e comparou a sa\u00fade das crian\u00e7as de 12 anos que possu\u00edam smartphones com a das crian\u00e7as que n\u00e3o possu\u00edam, al\u00e9m de examinar como os resultados mudaram para as crian\u00e7as que receberam um telefone entre os 12 e os 13 anos. Os investigadores controlaram fatores demogr\u00e1ficos e socioecon\u00f3micos para isolar a potencial influ\u00eancia da posse do dispositivo.<\/p>\n<p>De acordo com as conclus\u00f5es, <strong>6,5% das crian\u00e7as de 12 anos<\/strong> com smartphones tinham sido diagnosticadas com depress\u00e3o em algum momento da sua vida, em compara\u00e7\u00e3o com aproximadamente 4,5% das que n\u00e3o tinham telefones. Embora a diferen\u00e7a pare\u00e7a modesta, os investigadores afirmam que \u00e9 estatisticamente significativa, refere o <a href=\"https:\/\/www.sciencealert.com\/owning-a-smartphone-at-age-12-is-linked-to-these-health-issues-in-kids\" data-wpel-link=\"external\" target=\"_blank\" rel=\"nofollow external noopener noreferrer\" class=\"ext-link\">Science Alert<\/a>.<\/p>\n<p>As taxas de obesidade apresentaram uma disparidade ainda maior: cerca de<strong> 18% dos utilizadores de smartphones<\/strong> aos 12 anos foram classificados como obesos, em compara\u00e7\u00e3o com 12% dos seus pares sem aparelhos. O sono tamb\u00e9m apresentou diferen\u00e7as significativas, com 47% das crian\u00e7as de 12 anos com telem\u00f3veis a dormir menos de nove horas por noite, contra 31% das que n\u00e3o usavam telem\u00f3veis.<\/p>\n<p>O padr\u00e3o persistiu \u00e0 medida que as crian\u00e7as foram crescendo. As que obtiveram um smartphone aos 13 anos apresentaram maior probabilidade de relatar dificuldades de sa\u00fade mental e sono inadequado em compara\u00e7\u00e3o com os adolescentes que permaneceram sem telem\u00f3vel. No entanto, o <strong>risco de obesidade n\u00e3o se alterou<\/strong> significativamente ao longo do per\u00edodo de um ano, sugerindo uma rela\u00e7\u00e3o mais complexa entre os telem\u00f3veis e o peso.<\/p>\n<p>O autor principal, Ran Barzilay, psiquiatra infantil e adolescente do Hospital Infantil de Filad\u00e9lfia, alertou que os smartphones n\u00e3o s\u00e3o inerentemente prejudiciais e podem <strong>oferecer benef\u00edcios significativos<\/strong>. \u201cPara muitos adolescentes, os smartphones podem desempenhar um papel construtivo, fortalecendo os la\u00e7os sociais, apoiando a aprendizagem e proporcionando acesso a informa\u00e7\u00e3o e recursos que promovem o crescimento pessoal\u201d, afirmou.<\/p>\n<p>Muitas fam\u00edlias consideram tamb\u00e9m os telem\u00f3veis ferramentas essenciais de seguran\u00e7a. Ainda assim, os investigadores real\u00e7am que as associa\u00e7\u00f5es s\u00e3o suficientemente fortes para justificar uma tomada de decis\u00e3o cuidadosa.<\/p>\n<p>Pesquisas futuras ir\u00e3o examinar como <strong>o tempo de ecr\u00e3<\/strong>, os tipos de aplica\u00e7\u00f5es e o uso prolongado do telem\u00f3vel influenciam o bem-estar dos adolescentes e que medidas podem ajudar a mitigar os riscos.<\/p>\n<p>    <a href=\"https:\/\/zap.aeiou.pt\/subscrever-newsletter\" data-wpel-link=\"internal\" rel=\"nofollow noopener\" target=\"_blank\">&#13;<br \/>\n        <img loading=\"lazy\" decoding=\"async\" class=\"aligncenter size-full wp-image-575475\" src=\"https:\/\/www.europesays.com\/pt\/wp-content\/uploads\/2025\/11\/2d51fe4a0ba54894421ead1809309ed9-1-450x140.jpg\" alt=\"Subscreva a Newsletter ZAP\" width=\"450\" height=\"140\"\/>&#13;<br \/>\n    <\/a><\/p>\n<p>                <a href=\"https:\/\/whatsapp.com\/channel\/0029VaIC4EE2f3EJZPPSbR34\" data-wpel-link=\"external\" target=\"_blank\" rel=\"nofollow external noopener noreferrer\" class=\"ext-link\">&#13;<br \/>\n                    <img loading=\"lazy\" decoding=\"async\" class=\"aligncenter size-full wp-image-575475\" src=\"https:\/\/www.europesays.com\/pt\/wp-content\/uploads\/2025\/11\/c68c559d956d4ca20f435ed74a6e71e6.png\" alt=\"Siga-nos no WhatsApp\" width=\"175\" height=\"64\"\/>&#13;<br \/>\n                <\/a><\/p>\n<p>                <a href=\"https:\/\/news.google.com\/publications\/CAAiEHRwZondIV71PDjWNoqMduEqFAgKIhB0cGaJ3SFe9Tw41jaKjHbh?hl=en-US&amp;gl=US&amp;ceid=US%3Aen\" data-wpel-link=\"external\" target=\"_blank\" rel=\"nofollow external noopener noreferrer\" class=\"ext-link\">&#13;<br \/>\n                    <img loading=\"lazy\" decoding=\"async\" class=\"aligncenter size-full wp-image-575475\" src=\"https:\/\/www.europesays.com\/pt\/wp-content\/uploads\/2025\/11\/5123dd8b087b644fdb8f8603acd1bad4.png\" alt=\"Siga-nos no Google News\" width=\"176\" height=\"64\"\/>&#13;<br \/>\n                <\/a><\/p>\n","protected":false},"excerpt":{"rendered":"zinkevych\/ Freepik A pesquisa teve em conta fatores socioecon\u00f3micos para isolar o efeito do smartphone e descobriu que&hellip;\n","protected":false},"author":2,"featured_media":176443,"comment_status":"","ping_status":"","sticky":false,"template":"","format":"standard","meta":{"footnotes":""},"categories":[86],"tags":[116,1022,32,33,117],"class_list":{"0":"post-176442","1":"post","2":"type-post","3":"status-publish","4":"format-standard","5":"has-post-thumbnail","7":"category-saude","8":"tag-health","9":"tag-obesidade","10":"tag-portugal","11":"tag-pt","12":"tag-saude"},"share_on_mastodon":{"url":"https:\/\/pubeurope.com\/@pt\/115666469089673819","error":""},"_links":{"self":[{"href":"https:\/\/www.europesays.com\/pt\/wp-json\/wp\/v2\/posts\/176442","targetHints":{"allow":["GET"]}}],"collection":[{"href":"https:\/\/www.europesays.com\/pt\/wp-json\/wp\/v2\/posts"}],"about":[{"href":"https:\/\/www.europesays.com\/pt\/wp-json\/wp\/v2\/types\/post"}],"author":[{"embeddable":true,"href":"https:\/\/www.europesays.com\/pt\/wp-json\/wp\/v2\/users\/2"}],"replies":[{"embeddable":true,"href":"https:\/\/www.europesays.com\/pt\/wp-json\/wp\/v2\/comments?post=176442"}],"version-history":[{"count":0,"href":"https:\/\/www.europesays.com\/pt\/wp-json\/wp\/v2\/posts\/176442\/revisions"}],"wp:featuredmedia":[{"embeddable":true,"href":"https:\/\/www.europesays.com\/pt\/wp-json\/wp\/v2\/media\/176443"}],"wp:attachment":[{"href":"https:\/\/www.europesays.com\/pt\/wp-json\/wp\/v2\/media?parent=176442"}],"wp:term":[{"taxonomy":"category","embeddable":true,"href":"https:\/\/www.europesays.com\/pt\/wp-json\/wp\/v2\/categories?post=176442"},{"taxonomy":"post_tag","embeddable":true,"href":"https:\/\/www.europesays.com\/pt\/wp-json\/wp\/v2\/tags?post=176442"}],"curies":[{"name":"wp","href":"https:\/\/api.w.org\/{rel}","templated":true}]}}