{"id":176460,"date":"2025-12-05T10:40:19","date_gmt":"2025-12-05T10:40:19","guid":{"rendered":"https:\/\/www.europesays.com\/pt\/176460\/"},"modified":"2025-12-05T10:40:19","modified_gmt":"2025-12-05T10:40:19","slug":"ha-a-possibilidade-de-eua-trairem-a-ucrania-alerta-macron-observador","status":"publish","type":"post","link":"https:\/\/www.europesays.com\/pt\/176460\/","title":{"rendered":"&#8220;H\u00e1 a possibilidade de EUA tra\u00edrem a Ucr\u00e2nia&#8221;, alerta Macron \u2013 Observador"},"content":{"rendered":"<p>Acompanhe <a href=\"https:\/\/observador.pt\/liveblogs\/forcas-russas-apertam-cerco-a-hulyaipole-duas-criancas-ucranianas-raptadas-foram-enviadas-para-a-coreia-do-norte\/\" rel=\"nofollow noopener\" target=\"_blank\">o nosso liveblog sobre a guerra na Ucr\u00e2nia<\/a><\/p>\n<p>O Presidente franc\u00eas, Emmanuel Macron, alertou para a possibilidade de os Estados Unidos estarem prestes a \u201ctrair\u201d a Ucr\u00e2nia nas negocia\u00e7\u00f5es sobre os territ\u00f3rios ocupados, n\u00e3o dando garantias claras de seguran\u00e7a para Kiev, avan\u00e7ou o <a href=\"https:\/\/www.spiegel.de\/politik\/ukraine-verhandlungen-europaeer-misstrauen-trumps-friedensplan-a-7a439009-716d-48de-bda6-5d3926d8dbc3\" rel=\"nofollow noopener\" target=\"_blank\">Der Spiegel<\/a>, que revelou uma chamada telef\u00f3nica entre v\u00e1rios l\u00edderes europeus.<\/p>\n<p>Durante a conversa, segundo o jornal alem\u00e3o, o l\u00edder franc\u00eas ter\u00e1 dito que \u201ch\u00e1 a possibilidade de os Estados Unidos tra\u00edrem a Ucr\u00e2nia <strong>no tema do territ\u00f3rio<\/strong>, sem clareza nas garantias de seguran\u00e7a\u201d \u2014 e ter\u00e1 at\u00e9 acrescentado que h\u00e1 \u201cum grande perigo\u201d para o Presidente ucraniano, Volodymyr Zelensky. O gabinete de Macron, por\u00e9m, disse que o Presidente franc\u00eas \u201cn\u00e3o usou essas palavras\u201d.<\/p>\n<p>J\u00e1 o chanceler alem\u00e3o, Friederich Merz, al\u00e9m de ter supostamente defendido que Zelensky tem de ser \u201cextremamente cauteloso nos pr\u00f3ximos dia\u201d, ter\u00e1 demonstrado preocupa\u00e7\u00f5es relativas <a href=\"https:\/\/observador.pt\/2025\/12\/02\/kremlin-considera-que-reuniao-entre-putin-e-witkoff-foi-produtiva-mas-encontro-terminou-sem-acordo-sobre-territorios-ocupados\/\" rel=\"nofollow noopener\" target=\"_blank\">aos enviados norte-americanos \u00e0 R\u00fassia<\/a>, Steve Witkoff e Jared: <strong>\u201cEles est\u00e3o a jogar jogos, tanto convosco como connosco\u201d.<\/strong> Ao jornal <a href=\"https:\/\/www.politico.eu\/article\/european-leaders-warn-us-could-betray-ukraine-in-leaked-call\/\" rel=\"nofollow noopener\" target=\"_blank\">Politico<\/a>, o porta-voz de Merz n\u00e3o quis comentar as declara\u00e7\u00f5es atribu\u00eddas ao chanceler.<\/p>\n<blockquote class=\"wp-embedded-content\" data-secret=\"gQnaz7ybwX\">\n<p><a href=\"https:\/\/observador.pt\/2025\/12\/02\/kremlin-considera-que-reuniao-entre-putin-e-witkoff-foi-produtiva-mas-encontro-terminou-sem-acordo-sobre-territorios-ocupados\/\" rel=\"nofollow noopener\" target=\"_blank\">Kremlin considera que reuni\u00e3o entre Putin e Witkoff foi \u201cprodutiva\u201d. Mas encontro terminou sem acordo sobre territ\u00f3rios ocupados<\/a><\/p>\n<\/blockquote>\n<p>Tamb\u00e9m o Presidente finland\u00eas, Alexander Stubb, presente na chamada, parece ter concordado com Merz. \u201c<strong>N\u00e3o podemos deixar a Ucr\u00e2nia e o Volodymyr sozinhos com esses tipos<\/strong>\u201c, ter\u00e1 dito Stubb, referindo-se tamb\u00e9m a Witkoff e Kushner. A afirma\u00e7\u00e3o ter\u00e1 merecido a concord\u00e2ncia de Mark Rutte, secret\u00e1rio-geral da NATO: \u201cConcordo com o Alexander. Temos de proteger o Volodymyr\u201d.<\/p>\n<p>A chamada, segundo as informa\u00e7\u00f5es divulgadas, ocorreu ap\u00f3s a administra\u00e7\u00e3o Trump ter divulgado o plano de paz de 28 pontos (considerado demasiado favor\u00e1vel \u00e0 R\u00fassia), levando a posteriores negocia\u00e7\u00f5es em Genebra que resultaram num <a href=\"https:\/\/observador.pt\/especiais\/ucrania-aceita-nova-versao-do-acordo-de-paz-dos-eua-mas-estara-putin-disposto-a-fazer-concessoes\/\" rel=\"nofollow noopener\" target=\"_blank\">plano de 19 pontos ainda n\u00e3o aceite por Moscovo<\/a>. A discuss\u00e3o dos l\u00edderes europeus incluiu, tamb\u00e9m, a utiliza\u00e7\u00e3o dos<strong> ativos congelados da R\u00fassia<\/strong> para financiar ajuda militar e financeira \u00e0 Ucr\u00e2nia.<\/p>\n<blockquote class=\"wp-embedded-content\" data-secret=\"5QJiiMshLD\">\n<p><a href=\"https:\/\/observador.pt\/especiais\/ucrania-aceita-nova-versao-do-acordo-de-paz-dos-eua-mas-estara-putin-disposto-a-fazer-concessoes\/\" rel=\"nofollow noopener\" target=\"_blank\">Ucr\u00e2nia aceita nova vers\u00e3o do acordo de paz dos EUA, mas estar\u00e1 Putin disposto a fazer concess\u00f5es?<\/a><\/p>\n<\/blockquote>\n<p>Para al\u00e9m de Macron, Merz, Stubb e Rutte, estiveram tamb\u00e9m presentes na chamada o Presidente da Ucr\u00e2nia,\u00a0o primeiro-ministro da Pol\u00f3nia, Donald Tusk, a primeira-ministra de It\u00e1lia, Giorgia Meloni, a primeira-ministra da Dinamarca, Mette Frederiksen, o primeiro-ministro da Noruega, Jonas Gahr St\u00f8re, a presidente da Comiss\u00e3o Europeia, Ursula von der Leyen, e o presidente do Conselho Europeu, Ant\u00f3nio Costa.<\/p>\n","protected":false},"excerpt":{"rendered":"Acompanhe o nosso liveblog sobre a guerra na Ucr\u00e2nia O Presidente franc\u00eas, Emmanuel Macron, alertou para a possibilidade&hellip;\n","protected":false},"author":2,"featured_media":176461,"comment_status":"","ping_status":"","sticky":false,"template":"","format":"standard","meta":{"footnotes":""},"categories":[50],"tags":[624,27,28,447,623,445,15,16,2104,1123,14,25,26,21,22,62,3400,12,13,19,20,23,24,3879,17,18,1124,29,30,31,63,64,65],"class_list":{"0":"post-176460","1":"post","2":"type-post","3":"status-publish","4":"format-standard","5":"has-post-thumbnail","7":"category-mundo","8":"tag-amu00e9rica","9":"tag-breaking-news","10":"tag-breakingnews","11":"tag-emmanuel-macron","12":"tag-estados-unidos-da-amu00e9rica","13":"tag-europa","14":"tag-featured-news","15":"tag-featurednews","16":"tag-franu00e7a","17":"tag-guerra-na-ucru00e2nia","18":"tag-headlines","19":"tag-latest-news","20":"tag-latestnews","21":"tag-main-news","22":"tag-mainnews","23":"tag-mundo","24":"tag-nato","25":"tag-news","26":"tag-noticias","27":"tag-noticias-principais","28":"tag-noticiasprincipais","29":"tag-principais-noticias","30":"tag-principaisnoticias","31":"tag-ru00fassia","32":"tag-top-stories","33":"tag-topstories","34":"tag-ucru00e2nia","35":"tag-ultimas","36":"tag-ultimas-noticias","37":"tag-ultimasnoticias","38":"tag-world","39":"tag-world-news","40":"tag-worldnews"},"share_on_mastodon":{"url":"","error":"Validation failed: Text character limit of 500 exceeded"},"_links":{"self":[{"href":"https:\/\/www.europesays.com\/pt\/wp-json\/wp\/v2\/posts\/176460","targetHints":{"allow":["GET"]}}],"collection":[{"href":"https:\/\/www.europesays.com\/pt\/wp-json\/wp\/v2\/posts"}],"about":[{"href":"https:\/\/www.europesays.com\/pt\/wp-json\/wp\/v2\/types\/post"}],"author":[{"embeddable":true,"href":"https:\/\/www.europesays.com\/pt\/wp-json\/wp\/v2\/users\/2"}],"replies":[{"embeddable":true,"href":"https:\/\/www.europesays.com\/pt\/wp-json\/wp\/v2\/comments?post=176460"}],"version-history":[{"count":0,"href":"https:\/\/www.europesays.com\/pt\/wp-json\/wp\/v2\/posts\/176460\/revisions"}],"wp:featuredmedia":[{"embeddable":true,"href":"https:\/\/www.europesays.com\/pt\/wp-json\/wp\/v2\/media\/176461"}],"wp:attachment":[{"href":"https:\/\/www.europesays.com\/pt\/wp-json\/wp\/v2\/media?parent=176460"}],"wp:term":[{"taxonomy":"category","embeddable":true,"href":"https:\/\/www.europesays.com\/pt\/wp-json\/wp\/v2\/categories?post=176460"},{"taxonomy":"post_tag","embeddable":true,"href":"https:\/\/www.europesays.com\/pt\/wp-json\/wp\/v2\/tags?post=176460"}],"curies":[{"name":"wp","href":"https:\/\/api.w.org\/{rel}","templated":true}]}}