{"id":176479,"date":"2025-12-05T11:04:09","date_gmt":"2025-12-05T11:04:09","guid":{"rendered":"https:\/\/www.europesays.com\/pt\/176479\/"},"modified":"2025-12-05T11:04:09","modified_gmt":"2025-12-05T11:04:09","slug":"o-que-significa-sempre-trabalhar-com-a-mesa-baguncada-segundo-a-psicologia","status":"publish","type":"post","link":"https:\/\/www.europesays.com\/pt\/176479\/","title":{"rendered":"O que significa sempre trabalhar com a mesa bagun\u00e7ada, segundo a psicologia"},"content":{"rendered":"<p>&#8220;O desordenado nem sempre \u00e9 ca\u00f3tico, muitas vezes, ele tem fun\u00e7\u00e3o e reflete um processo criativo em andamento&#8221;, afirma o pesquisador ao jornal argentino Clar\u00edn. A frase ajuda a explicar por que algumas pessoas produzem melhor em ambientes visualmente carregados.<\/p>\n<p>Al\u00e9m disso, a psic\u00f3loga Kathleen Vohs, da Universidade de Minnesota, identificou em estudo publicado pela American Psychological Association que ambientes desorganizados estimulam escolhas menos convencionais. Em outras palavras, favorecem solu\u00e7\u00f5es fora do padr\u00e3o.<\/p>\n<p>Criatividade, personalidade e sinais de alerta<\/p>\n<p>Segundo Vohs, &#8220;as pesquisas mostram que ambientes desordenados estimulam formas de pensar n\u00e3o convencionais e arriscadas, ideais para quem busca inova\u00e7\u00e3o&#8221;. A bagun\u00e7a, nesse caso, n\u00e3o atrapalha. Ela provoca o c\u00e9rebro.<\/p>\n","protected":false},"excerpt":{"rendered":"&#8220;O desordenado nem sempre \u00e9 ca\u00f3tico, muitas vezes, ele tem fun\u00e7\u00e3o e reflete um processo criativo em andamento&#8221;,&hellip;\n","protected":false},"author":2,"featured_media":176480,"comment_status":"","ping_status":"","sticky":false,"template":"","format":"standard","meta":{"footnotes":""},"categories":[86],"tags":[546,1403,1187,116,32,4740,33,117],"class_list":{"0":"post-176479","1":"post","2":"type-post","3":"status-publish","4":"format-standard","5":"has-post-thumbnail","7":"category-saude","8":"tag-agencia-gazeta","9":"tag-comportamento","10":"tag-fatos-curiosos","11":"tag-health","12":"tag-portugal","13":"tag-psicologia","14":"tag-pt","15":"tag-saude"},"share_on_mastodon":{"url":"https:\/\/pubeurope.com\/@pt\/115666633770386543","error":""},"_links":{"self":[{"href":"https:\/\/www.europesays.com\/pt\/wp-json\/wp\/v2\/posts\/176479","targetHints":{"allow":["GET"]}}],"collection":[{"href":"https:\/\/www.europesays.com\/pt\/wp-json\/wp\/v2\/posts"}],"about":[{"href":"https:\/\/www.europesays.com\/pt\/wp-json\/wp\/v2\/types\/post"}],"author":[{"embeddable":true,"href":"https:\/\/www.europesays.com\/pt\/wp-json\/wp\/v2\/users\/2"}],"replies":[{"embeddable":true,"href":"https:\/\/www.europesays.com\/pt\/wp-json\/wp\/v2\/comments?post=176479"}],"version-history":[{"count":0,"href":"https:\/\/www.europesays.com\/pt\/wp-json\/wp\/v2\/posts\/176479\/revisions"}],"wp:featuredmedia":[{"embeddable":true,"href":"https:\/\/www.europesays.com\/pt\/wp-json\/wp\/v2\/media\/176480"}],"wp:attachment":[{"href":"https:\/\/www.europesays.com\/pt\/wp-json\/wp\/v2\/media?parent=176479"}],"wp:term":[{"taxonomy":"category","embeddable":true,"href":"https:\/\/www.europesays.com\/pt\/wp-json\/wp\/v2\/categories?post=176479"},{"taxonomy":"post_tag","embeddable":true,"href":"https:\/\/www.europesays.com\/pt\/wp-json\/wp\/v2\/tags?post=176479"}],"curies":[{"name":"wp","href":"https:\/\/api.w.org\/{rel}","templated":true}]}}