{"id":176511,"date":"2025-12-05T11:48:12","date_gmt":"2025-12-05T11:48:12","guid":{"rendered":"https:\/\/www.europesays.com\/pt\/176511\/"},"modified":"2025-12-05T11:48:12","modified_gmt":"2025-12-05T11:48:12","slug":"mulher-de-32-anos-com-dormencia-na-mao-descobre-cancer-cerebral","status":"publish","type":"post","link":"https:\/\/www.europesays.com\/pt\/176511\/","title":{"rendered":"mulher de 32 anos com dorm\u00eancia na m\u00e3o descobre c\u00e2ncer cerebral"},"content":{"rendered":"<p>  <img class=\"content-first-image wp-image-2738701 size-full\" loading=\"eager\" decoding=\"sync\" fetchpriority=\"high\" src=\"https:\/\/www.europesays.com\/pt\/wp-content\/uploads\/2025\/12\/dormencia-na-mao.jpg\" alt=\"Dorm\u00eancia na m\u00e3o era sintoma de c\u00e2ncer cerebral\" width=\"1200\" height=\"630\"  \/>Dorm\u00eancia na m\u00e3o era sintoma de c\u00e2ncer cerebralFoto: Reprodu\u00e7\u00e3o\/ND Mais<\/p>\n<p>A norte americana Kelsey Stoksted, de 32 anos, viu sua vida virar de ponta cabe\u00e7a ap\u00f3s ir ao m\u00e9dico investigar uma simples dorm\u00eancia na m\u00e3o e no bra\u00e7o esquerdo.<\/p>\n<p>Assustada, ela procurou o pronto-socorro porque pensou que poderia ser um <a href=\"https:\/\/ndmais.com.br\/saude\/saude-do-coracao-saiba-qual-a-doenca-mais-letal-do-mundo-e-como-preveni-la\/\" rel=\"nofollow noopener\" target=\"_blank\">problema card\u00edaco<\/a>. No entanto, ao chegar ao hospital, os sintomas tinham desaparecido, o que deixou tudo ainda mais confuso. Os m\u00e9dicos atribu\u00edram o quadro ao estresse, mas pouco tempo depois, eles diriam para a jovem m\u00e3e que ela tinha apenas 3 anos de vida.<\/p>\n<p>Kelsey recebeu betabloqueadores para reduzir a frequ\u00eancia card\u00edaca e aliviar poss\u00edveis sintomas de ansiedade. No entanto, o <a href=\"https:\/\/ndmais.com.br\/saude\/boca-formigando-ou-dormente-sintomas-podem-significar-complicacoes-neurologicas-graves\/\" rel=\"nofollow noopener\" target=\"_blank\">formigamento<\/a> n\u00e3o s\u00f3 continuou como piorou.<\/p>\n<p><a class=\"cta-discover d-flex justify-content-between align-items-center w-100\" target=\"_blank\" rel=\"nofollow noopner noopener\" href=\"https:\/\/profile.google.com\/cp\/Cg0vZy8xMXZ5cjY4NHho\">   Fa\u00e7a como milh\u00f5es de leitores informados: siga o ND Mais no Google.  Seguir<\/a> <\/p>\n<p>Quatro meses depois, ela sofreu uma convuls\u00e3o generalizada, tamb\u00e9m chamada de crise t\u00f4nico-cl\u00f4nica, que ocorre quando a atividade el\u00e9trica do c\u00e9rebro \u00e9 interrompida. Um problema que pode surgir tanto em tumores malignos quanto benignos.<\/p>\n<p>Antes da convuls\u00e3o, Kelsey notou que a <a href=\"https:\/\/ndmais.com.br\/saude\/dormencia-nas-maos-revela-cancer-de-ovario-agressivo-em-jovem-de-21-anos-entenda\/\" rel=\"nofollow noopener\" target=\"_blank\">dorm\u00eancia<\/a> come\u00e7ou a subir pelo corpo. \u201cNotei que o formigamento estava irradiando pela minha perna\u201d, contou.<\/p>\n<p><img class=\"wp-image-2738696 size-full\" loading=\"lazy\" decoding=\"async\" src=\"https:\/\/www.europesays.com\/pt\/wp-content\/uploads\/2025\/12\/kelsey-stoksted.jpg\" alt=\"Kelsey Stoksted com o marido e o filho\" width=\"1200\" height=\"630\"  \/>Kelsey Stoksted com o marido e o filhoFoto: Arquivo pessoal\/ND Mais<\/p>\n<p>No dia do epis\u00f3dio, ela estava ao telefone com o marido quando desmaiou. \u201cDe repente, me vi no ch\u00e3o. Meu marido estava gritando. Eu devo ter ficado inconsciente por uns cinco minutos\u201d, detalhou.\u00a0Quando acordou, estava desorientada.<\/p>\n<p>O diagn\u00f3stico de c\u00e2ncer ap\u00f3s a dorm\u00eancia na m\u00e3o<\/p>\n<p>Poucos dias depois, em 17 de agosto de 2023, os m\u00e9dicos realizaram uma craniotomia, cirurgia que abre parte do cr\u00e2nio para acessar o c\u00e9rebro, e removeram quase todo o tumor que ela tinha.<\/p>\n<p>O material foi enviado para bi\u00f3psia, que confirmou meses depois o diagn\u00f3stico: astrocitoma grau 3, um <a href=\"https:\/\/ndmais.com.br\/saude\/cientistas-criam-neosoro-que-pode-ajudar-a-combater-cancer-cerebral-agressivo\/\" rel=\"nofollow noopener\" target=\"_blank\">tumor cerebral maligno<\/a> que se desenvolve nas c\u00e9lulas de suporte do sistema nervoso.<\/p>\n<p>Segundo os m\u00e9dicos, os epis\u00f3dios de dorm\u00eancia e formigamento que ela sentia eram, na verdade, pequenas convuls\u00f5es causadas pela press\u00e3o do tumor no c\u00e9rebro.<\/p>\n<p>\u201cFiquei em choque. N\u00e3o conseguia acreditar que isso estava acontecendo comigo. S\u00f3 conseguia pensar na minha filha, que tem tr\u00eas anos. N\u00e3o queria que ela crescesse sem m\u00e3e\u201d, contou Kelsey.<\/p>\n<p><img class=\"wp-image-2738695 size-full\" loading=\"lazy\" decoding=\"async\" src=\"https:\/\/www.europesays.com\/pt\/wp-content\/uploads\/2025\/12\/kelsey-stoksted-1.jpg\" alt=\"Kelsey Stoksted com o marido\" width=\"1200\" height=\"630\"  \/>Kelsey Stoksted com o maridoFoto: Arquivo pessoal\/ND Mais<\/p>\n<p>Inicialmente, a mulher recebeu progn\u00f3stico de apenas tr\u00eas a cinco anos de vida, mas o quadro mudou depois que ela iniciou o tratamento. Kelsey passou por 33 sess\u00f5es de radioterapia e completou 12 ciclos de quimioterapia, encerrados em janeiro de 2025.<\/p>\n<p>Exames mais aprofundados mostraram que o tumor tinha muta\u00e7\u00f5es do tipo IDH, consideradas menos agressivas. Isso mudou completamente o progn\u00f3stico: a expectativa de vida estimada subiu para 12 a 15 anos.<\/p>\n<p>\u201cQuando recebemos o novo progn\u00f3stico, ficamos muito felizes. Ainda \u00e9 uma situa\u00e7\u00e3o dif\u00edcil, mas me sinto grata por estar aqui e ter esperan\u00e7a\u201d, completou.<\/p>\n<p>Sintomas comuns que podem indicar tumores<\/p>\n<p><a href=\"https:\/\/ndmais.com.br\/saude\/ressonancia-magnetica-exame-e-fundamental-para-avaliacao-de-casos-de-epilepsia\/\" rel=\"nofollow noopener\" target=\"_blank\">Convuls\u00f5es<\/a> s\u00e3o muito comuns em casos de tumor cerebral: estima-se que at\u00e9 80% dos pacientes passem por esse tipo de crise. Durante uma convuls\u00e3o t\u00f4nico-cl\u00f4nica, a pessoa perde a consci\u00eancia e o corpo passa a apresentar movimentos r\u00e1pidos e involunt\u00e1rios.<\/p>\n<p>Uma revis\u00e3o estat\u00edstica <a href=\"https:\/\/pmc.ncbi.nlm.nih.gov\/articles\/PMC11661549\/\" target=\"_blank\" rel=\"noopener nofollow\">publicada no Arquivo de Casos Cl\u00ednicos<\/a> indica que os sintomas mais comuns entre pessoas com gliomas, um tipo de c\u00e2ncer cerebral, incluem:<\/p>\n<ul>\n<li>Convuls\u00f5es (37%);<\/li>\n<li>D\u00e9ficits cognitivos (36%);<\/li>\n<li>Sonol\u00eancia (35%);<\/li>\n<li>Dificuldade para engolir (30%);<\/li>\n<li>Dor de cabe\u00e7a (27%);<\/li>\n<li>Confus\u00e3o mental (27%);<\/li>\n<li>Dificuldade para falar (24%);<\/li>\n<li>Fraqueza nos membros (21%).<\/li>\n<\/ul>\n<p>Segundo o estudo, grande parte desses sintomas est\u00e1 diretamente ligada ao funcionamento do sistema nervoso central.<\/p>\n<p>Os sinais costumam variar conforme o est\u00e1gio da doen\u00e7a. Durante o diagn\u00f3stico, predominam convuls\u00f5es, dores de cabe\u00e7a e dificuldades cognitivas. Durante o tratamento e monitoramento, surgem com mais frequ\u00eancia n\u00e1useas, v\u00f4mitos, sonol\u00eancia, fadiga e altera\u00e7\u00f5es da fala.<\/p>\n<p>Embora casos assim sejam raros, especialistas refor\u00e7am que sintomas persistentes, mesmo que pare\u00e7am simples, como dorm\u00eancia, formigamento ou dores recorrentes, merecem investiga\u00e7\u00e3o.<\/p>\n","protected":false},"excerpt":{"rendered":"Dorm\u00eancia na m\u00e3o era sintoma de c\u00e2ncer cerebralFoto: Reprodu\u00e7\u00e3o\/ND Mais A norte americana Kelsey Stoksted, de 32 anos,&hellip;\n","protected":false},"author":2,"featured_media":176512,"comment_status":"","ping_status":"","sticky":false,"template":"","format":"standard","meta":{"footnotes":""},"categories":[86],"tags":[1967,235,116,1968,32,33,4066,117],"class_list":{"0":"post-176511","1":"post","2":"type-post","3":"status-publish","4":"format-standard","5":"has-post-thumbnail","7":"category-saude","8":"tag-contedo-de-internet","9":"tag-estados-unidos","10":"tag-health","11":"tag-notcia","12":"tag-portugal","13":"tag-pt","14":"tag-sade","15":"tag-saude"},"share_on_mastodon":{"url":"https:\/\/pubeurope.com\/@pt\/115666806648133549","error":""},"_links":{"self":[{"href":"https:\/\/www.europesays.com\/pt\/wp-json\/wp\/v2\/posts\/176511","targetHints":{"allow":["GET"]}}],"collection":[{"href":"https:\/\/www.europesays.com\/pt\/wp-json\/wp\/v2\/posts"}],"about":[{"href":"https:\/\/www.europesays.com\/pt\/wp-json\/wp\/v2\/types\/post"}],"author":[{"embeddable":true,"href":"https:\/\/www.europesays.com\/pt\/wp-json\/wp\/v2\/users\/2"}],"replies":[{"embeddable":true,"href":"https:\/\/www.europesays.com\/pt\/wp-json\/wp\/v2\/comments?post=176511"}],"version-history":[{"count":0,"href":"https:\/\/www.europesays.com\/pt\/wp-json\/wp\/v2\/posts\/176511\/revisions"}],"wp:featuredmedia":[{"embeddable":true,"href":"https:\/\/www.europesays.com\/pt\/wp-json\/wp\/v2\/media\/176512"}],"wp:attachment":[{"href":"https:\/\/www.europesays.com\/pt\/wp-json\/wp\/v2\/media?parent=176511"}],"wp:term":[{"taxonomy":"category","embeddable":true,"href":"https:\/\/www.europesays.com\/pt\/wp-json\/wp\/v2\/categories?post=176511"},{"taxonomy":"post_tag","embeddable":true,"href":"https:\/\/www.europesays.com\/pt\/wp-json\/wp\/v2\/tags?post=176511"}],"curies":[{"name":"wp","href":"https:\/\/api.w.org\/{rel}","templated":true}]}}