{"id":176553,"date":"2025-12-05T12:30:11","date_gmt":"2025-12-05T12:30:11","guid":{"rendered":"https:\/\/www.europesays.com\/pt\/176553\/"},"modified":"2025-12-05T12:30:11","modified_gmt":"2025-12-05T12:30:11","slug":"prefeitura-municipal-de-jaguariuna-5","status":"publish","type":"post","link":"https:\/\/www.europesays.com\/pt\/176553\/","title":{"rendered":"Prefeitura Municipal de Jaguari\u00fana"},"content":{"rendered":"<p>Os moradores do bairro Florian\u00f3polis recebem neste s\u00e1bado, dia 6 de dezembro, mais uma edi\u00e7\u00e3o do mutir\u00e3o contra a dengue organizado pela Secretaria de Sa\u00fade de Jaguari\u00fana. As equipes atuar\u00e3o das 8h \u00e0s 17h na a\u00e7\u00e3o de combate ao mosquito Aedes aegypti.<\/p>\n<p>Durante as visitas, os agentes de sa\u00fade v\u00e3o percorrer as resid\u00eancias para identificar e eliminar poss\u00edveis criadouros do mosquito transmissor da dengue, zika, chikungunya e febre amarela. Al\u00e9m disso, oferecer\u00e3o orienta\u00e7\u00f5es sobre como prevenir o ac\u00famulo de \u00e1gua parada e adotar medidas simples de prote\u00e7\u00e3o dentro e fora das casas.<\/p>\n<p>A a\u00e7\u00e3o tamb\u00e9m inclui instru\u00e7\u00f5es aos moradores sobre cuidados para evitar acidentes com escorpi\u00f5es.<\/p>\n<p>A Secretaria de Sa\u00fade refor\u00e7a a import\u00e2ncia da colabora\u00e7\u00e3o da popula\u00e7\u00e3o, permitindo a entrada dos agentes e seguindo as recomenda\u00e7\u00f5es repassadas. Segundo o \u00f3rg\u00e3o, os mutir\u00f5es s\u00e3o fundamentais para reduzir a circula\u00e7\u00e3o do mosquito e controlar a dissemina\u00e7\u00e3o da dengue no munic\u00edpio.<br \/>&#13;<br \/>\n\u00a0<\/p>\n","protected":false},"excerpt":{"rendered":"Os moradores do bairro Florian\u00f3polis recebem neste s\u00e1bado, dia 6 de dezembro, mais uma edi\u00e7\u00e3o do mutir\u00e3o contra&hellip;\n","protected":false},"author":2,"featured_media":176554,"comment_status":"","ping_status":"","sticky":false,"template":"","format":"standard","meta":{"footnotes":""},"categories":[86],"tags":[301,12537,12538,116,12533,12535,12534,13,32,3046,33,117,1297,12536,1456,8538],"class_list":{"0":"post-176553","1":"post","2":"type-post","3":"status-publish","4":"format-standard","5":"has-post-thumbnail","7":"category-saude","8":"tag-governo","9":"tag-guia-de-hoteis","10":"tag-guia-gastronomico","11":"tag-health","12":"tag-jaguariuna","13":"tag-licitacao","14":"tag-nota-fiscal-eletronica","15":"tag-noticias","16":"tag-portugal","17":"tag-prefeitura","18":"tag-pt","19":"tag-saude","20":"tag-servicos","21":"tag-transparencia","22":"tag-turismo","23":"tag-utilidade-publica"},"share_on_mastodon":{"url":"https:\/\/pubeurope.com\/@pt\/115666971738898063","error":""},"_links":{"self":[{"href":"https:\/\/www.europesays.com\/pt\/wp-json\/wp\/v2\/posts\/176553","targetHints":{"allow":["GET"]}}],"collection":[{"href":"https:\/\/www.europesays.com\/pt\/wp-json\/wp\/v2\/posts"}],"about":[{"href":"https:\/\/www.europesays.com\/pt\/wp-json\/wp\/v2\/types\/post"}],"author":[{"embeddable":true,"href":"https:\/\/www.europesays.com\/pt\/wp-json\/wp\/v2\/users\/2"}],"replies":[{"embeddable":true,"href":"https:\/\/www.europesays.com\/pt\/wp-json\/wp\/v2\/comments?post=176553"}],"version-history":[{"count":0,"href":"https:\/\/www.europesays.com\/pt\/wp-json\/wp\/v2\/posts\/176553\/revisions"}],"wp:featuredmedia":[{"embeddable":true,"href":"https:\/\/www.europesays.com\/pt\/wp-json\/wp\/v2\/media\/176554"}],"wp:attachment":[{"href":"https:\/\/www.europesays.com\/pt\/wp-json\/wp\/v2\/media?parent=176553"}],"wp:term":[{"taxonomy":"category","embeddable":true,"href":"https:\/\/www.europesays.com\/pt\/wp-json\/wp\/v2\/categories?post=176553"},{"taxonomy":"post_tag","embeddable":true,"href":"https:\/\/www.europesays.com\/pt\/wp-json\/wp\/v2\/tags?post=176553"}],"curies":[{"name":"wp","href":"https:\/\/api.w.org\/{rel}","templated":true}]}}