{"id":176582,"date":"2025-12-05T12:58:21","date_gmt":"2025-12-05T12:58:21","guid":{"rendered":"https:\/\/www.europesays.com\/pt\/176582\/"},"modified":"2025-12-05T12:58:21","modified_gmt":"2025-12-05T12:58:21","slug":"nova-vacina-contra-bronquiolite-sera-distribuida-no-rn","status":"publish","type":"post","link":"https:\/\/www.europesays.com\/pt\/176582\/","title":{"rendered":"Nova vacina contra bronquiolite ser\u00e1 distribu\u00edda no RN"},"content":{"rendered":"<p style=\"text-align: left\"><img fetchpriority=\"high\" decoding=\"async\" class=\"size-medium wp-image-52977 alignright\" src=\"https:\/\/www.europesays.com\/pt\/wp-content\/uploads\/2025\/12\/IMG000000000363726-533x300.jpeg\" alt=\"\" width=\"533\" height=\"300\"  \/>O Rio Grande do Norte recebeu, nesta quarta-feira (3), o primeiro lote de vacinas contra o v\u00edrus sincicial respirat\u00f3rio (VSR), que \u00e9 direcionada a gestantes a partir da 28\u00aa semana e tem como objetivo proteger rec\u00e9m-nascidos dos casos de bronquiolite.<\/p>\n<p style=\"text-align: justify\">A Secretaria de Estado da Sa\u00fade P\u00fablica (Sesap) recebeu do Minist\u00e9rio da Sa\u00fade um lote com pouco mais de 10 mil vacinas, e far\u00e1 a distribui\u00e7\u00e3o aos munic\u00edpios potiguares a partir da pr\u00f3xima semana. N\u00e3o h\u00e1 limite de idade para a gestante que ser\u00e1 vacinada e a prote\u00e7\u00e3o \u00e9 feita em dose \u00fanica.<\/p>\n<p style=\"text-align: justify\">\u201c\u00c9 com muita alegria que recebemos essa nova vacina para incorporar ao Programa de Imuniza\u00e7\u00e3o. Nos pr\u00f3ximos dias, os munic\u00edpios j\u00e1 estar\u00e3o aptos a iniciar a vacina\u00e7\u00e3o das gestantes\u201d, afirmou a respons\u00e1vel t\u00e9cnica do Programa Estadual de Imuniza\u00e7\u00e3o, Laiane Graziela.<\/p>\n<p style=\"text-align: justify\">A nova vacina dispon\u00edvel no SUS oferece prote\u00e7\u00e3o imediata aos rec\u00e9m-nascidos, pois os anticorpos gerados na gestante durante a gravidez s\u00e3o transferidos pela placenta para o beb\u00ea. Essa estrat\u00e9gia reduz significativamente o risco de hospitaliza\u00e7\u00f5es por problemas respirat\u00f3rios, que hoje representam cerca de 30% das interna\u00e7\u00f5es pedi\u00e1tricas no RN.<\/p>\n<p style=\"text-align: justify\">At\u00e9 o in\u00edcio deste m\u00eas, o v\u00edrus sincicial respirat\u00f3rio foi respons\u00e1vel por 270 casos de s\u00edndrome respirat\u00f3ria aguda grave entre crian\u00e7as de 0 a 4 anos, dos quais 243 foram abaixo dos 2 anos, tendo causado ainda tr\u00eas \u00f3bitos.<\/p>\n","protected":false},"excerpt":{"rendered":"O Rio Grande do Norte recebeu, nesta quarta-feira (3), o primeiro lote de vacinas contra o v\u00edrus sincicial&hellip;\n","protected":false},"author":2,"featured_media":176583,"comment_status":"","ping_status":"","sticky":false,"template":"","format":"standard","meta":{"footnotes":""},"categories":[86],"tags":[116,32,33,117],"class_list":{"0":"post-176582","1":"post","2":"type-post","3":"status-publish","4":"format-standard","5":"has-post-thumbnail","7":"category-saude","8":"tag-health","9":"tag-portugal","10":"tag-pt","11":"tag-saude"},"share_on_mastodon":{"url":"https:\/\/pubeurope.com\/@pt\/115667082081865967","error":""},"_links":{"self":[{"href":"https:\/\/www.europesays.com\/pt\/wp-json\/wp\/v2\/posts\/176582","targetHints":{"allow":["GET"]}}],"collection":[{"href":"https:\/\/www.europesays.com\/pt\/wp-json\/wp\/v2\/posts"}],"about":[{"href":"https:\/\/www.europesays.com\/pt\/wp-json\/wp\/v2\/types\/post"}],"author":[{"embeddable":true,"href":"https:\/\/www.europesays.com\/pt\/wp-json\/wp\/v2\/users\/2"}],"replies":[{"embeddable":true,"href":"https:\/\/www.europesays.com\/pt\/wp-json\/wp\/v2\/comments?post=176582"}],"version-history":[{"count":0,"href":"https:\/\/www.europesays.com\/pt\/wp-json\/wp\/v2\/posts\/176582\/revisions"}],"wp:featuredmedia":[{"embeddable":true,"href":"https:\/\/www.europesays.com\/pt\/wp-json\/wp\/v2\/media\/176583"}],"wp:attachment":[{"href":"https:\/\/www.europesays.com\/pt\/wp-json\/wp\/v2\/media?parent=176582"}],"wp:term":[{"taxonomy":"category","embeddable":true,"href":"https:\/\/www.europesays.com\/pt\/wp-json\/wp\/v2\/categories?post=176582"},{"taxonomy":"post_tag","embeddable":true,"href":"https:\/\/www.europesays.com\/pt\/wp-json\/wp\/v2\/tags?post=176582"}],"curies":[{"name":"wp","href":"https:\/\/api.w.org\/{rel}","templated":true}]}}