{"id":176600,"date":"2025-12-05T13:18:17","date_gmt":"2025-12-05T13:18:17","guid":{"rendered":"https:\/\/www.europesays.com\/pt\/176600\/"},"modified":"2025-12-05T13:18:17","modified_gmt":"2025-12-05T13:18:17","slug":"confrontos-com-armas-e-paus-fazem-varios-feridos-em-loures","status":"publish","type":"post","link":"https:\/\/www.europesays.com\/pt\/176600\/","title":{"rendered":"Confrontos com armas e paus fazem v\u00e1rios feridos em Loures"},"content":{"rendered":"<p>\t                Primeiro alerta foi dado cerca das 20:30. V\u00edtimas foram transportadas para o Hospital Beatriz \u00c2ngelo<\/p>\n<p>Cerca de quinze indiv\u00edduos envolveram-se, na noite desta quinta-feira, numa violenta desordem em Loures, da qual resultaram quatro feridos.<\/p>\n<p>A TVI e a CNN Portugal sabem que os envolvidos, munidos de armas brancas e paus, provocaram momentos de grande tens\u00e3o no local.<\/p>\n<p>Do confronto resultaram quatro feridos, um deles em estado considerado grave devido a uma perfura\u00e7\u00e3o no abd\u00f3men. As v\u00edtimas receberam assist\u00eancia no local e foram posteriormente transportadas para o Hospital Beatriz \u00c2ngelo.<\/p>\n<p>As autoridades est\u00e3o no terreno de forma a investigar as circunst\u00e2ncias que levaram ao incidente, assim como a identifica\u00e7\u00e3o de todos os envolvidos.<\/p>\n","protected":false},"excerpt":{"rendered":"Primeiro alerta foi dado cerca das 20:30. V\u00edtimas foram transportadas para o Hospital Beatriz \u00c2ngelo Cerca de quinze&hellip;\n","protected":false},"author":2,"featured_media":172973,"comment_status":"","ping_status":"","sticky":false,"template":"","format":"standard","meta":{"footnotes":""},"categories":[10],"tags":[609,836,611,27,28,607,608,333,36601,832,604,36602,135,610,476,15,16,301,830,14,603,25,26,570,2432,21,22,831,833,62,834,12,13,19,20,835,602,52,32,23,24,33,17,18,29,30,31],"class_list":{"0":"post-176600","1":"post","2":"type-post","3":"status-publish","4":"format-standard","5":"has-post-thumbnail","7":"category-portugal","8":"tag-alerta","9":"tag-analise","10":"tag-ao-minuto","11":"tag-breaking-news","12":"tag-breakingnews","13":"tag-cnn","14":"tag-cnn-portugal","15":"tag-comentadores","16":"tag-confrontos-em-loures","17":"tag-costa","18":"tag-crime","19":"tag-crime-loures","20":"tag-desporto","21":"tag-direto","22":"tag-economia","23":"tag-featured-news","24":"tag-featurednews","25":"tag-governo","26":"tag-guerra","27":"tag-headlines","28":"tag-justica","29":"tag-latest-news","30":"tag-latestnews","31":"tag-live","32":"tag-loures","33":"tag-main-news","34":"tag-mainnews","35":"tag-mais-vistas","36":"tag-marcelo","37":"tag-mundo","38":"tag-negocios","39":"tag-news","40":"tag-noticias","41":"tag-noticias-principais","42":"tag-noticiasprincipais","43":"tag-opiniao","44":"tag-pais","45":"tag-politica","46":"tag-portugal","47":"tag-principais-noticias","48":"tag-principaisnoticias","49":"tag-pt","50":"tag-top-stories","51":"tag-topstories","52":"tag-ultimas","53":"tag-ultimas-noticias","54":"tag-ultimasnoticias"},"share_on_mastodon":{"url":"","error":"Validation failed: Text character limit of 500 exceeded"},"_links":{"self":[{"href":"https:\/\/www.europesays.com\/pt\/wp-json\/wp\/v2\/posts\/176600","targetHints":{"allow":["GET"]}}],"collection":[{"href":"https:\/\/www.europesays.com\/pt\/wp-json\/wp\/v2\/posts"}],"about":[{"href":"https:\/\/www.europesays.com\/pt\/wp-json\/wp\/v2\/types\/post"}],"author":[{"embeddable":true,"href":"https:\/\/www.europesays.com\/pt\/wp-json\/wp\/v2\/users\/2"}],"replies":[{"embeddable":true,"href":"https:\/\/www.europesays.com\/pt\/wp-json\/wp\/v2\/comments?post=176600"}],"version-history":[{"count":0,"href":"https:\/\/www.europesays.com\/pt\/wp-json\/wp\/v2\/posts\/176600\/revisions"}],"wp:featuredmedia":[{"embeddable":true,"href":"https:\/\/www.europesays.com\/pt\/wp-json\/wp\/v2\/media\/172973"}],"wp:attachment":[{"href":"https:\/\/www.europesays.com\/pt\/wp-json\/wp\/v2\/media?parent=176600"}],"wp:term":[{"taxonomy":"category","embeddable":true,"href":"https:\/\/www.europesays.com\/pt\/wp-json\/wp\/v2\/categories?post=176600"},{"taxonomy":"post_tag","embeddable":true,"href":"https:\/\/www.europesays.com\/pt\/wp-json\/wp\/v2\/tags?post=176600"}],"curies":[{"name":"wp","href":"https:\/\/api.w.org\/{rel}","templated":true}]}}