{"id":176605,"date":"2025-12-05T13:23:09","date_gmt":"2025-12-05T13:23:09","guid":{"rendered":"https:\/\/www.europesays.com\/pt\/176605\/"},"modified":"2025-12-05T13:23:09","modified_gmt":"2025-12-05T13:23:09","slug":"bruna-liliana-e-marisa-nao-tem-duvidas-merecem-ficar-na-casa-secret-story","status":"publish","type":"post","link":"https:\/\/www.europesays.com\/pt\/176605\/","title":{"rendered":"Bruna, Liliana e Marisa n\u00e3o t\u00eam d\u00favidas: Merecem ficar na casa &#8211; Secret Story"},"content":{"rendered":"<p>No Secret Story 9,\u00a0Bruna, Liliana e Marisa n\u00e3o t\u00eam d\u00favidas que merecem ficar na casa. As concorrentes defendem a sua perman\u00eancia em jogo.<\/p>\n<p><strong>Esta semana, quatro concorrentes est\u00e3o nomeados e em risco de expuls\u00e3o. Pode votar na APP oficial do TVI reality ou atrav\u00e9s das linhas telef\u00f3nicas.<\/strong><\/p>\n<p>VOTE PARA SALVAR:<\/p>\n<p>BRUNA \u00a0\u2013 \u00a0761 20 20 03<br \/>LILIANA \u00a0\u2013 \u00a0761 20 20 14<br \/>MARISA \u00a0\u2013 \u00a0761 20 20 16<br \/>PEDRO \u00a0\u2013 \u00a0761 20 20 18<\/p>\n<p><a href=\"https:\/\/tvi.iol.pt\/secretstory\/aominuto\" wbo-id=\"32\" rel=\"nofollow noopener\" target=\"_blank\">Acompanhe aqui tudo o que se passa no Secret Story 9<\/a>!\u00a0<\/p>\n","protected":false},"excerpt":{"rendered":"No Secret Story 9,\u00a0Bruna, Liliana e Marisa n\u00e3o t\u00eam d\u00favidas que merecem ficar na casa. As concorrentes defendem&hellip;\n","protected":false},"author":2,"featured_media":176606,"comment_status":"","ping_status":"","sticky":false,"template":"","format":"standard","meta":{"footnotes":""},"categories":[142],"tags":[1997,114,115,19033,19016,19184,19034,32,33,151,19032],"class_list":{"0":"post-176605","1":"post","2":"type-post","3":"status-publish","4":"format-standard","5":"has-post-thumbnail","7":"category-tv","8":"tag-bruna","9":"tag-entertainment","10":"tag-entretenimento","11":"tag-galas-em-video","12":"tag-liliana","13":"tag-marisa","14":"tag-melhores-momentos-casa-dos-segredos","15":"tag-portugal","16":"tag-pt","17":"tag-tv","18":"tag-videos-secret-story-tvi"},"share_on_mastodon":{"url":"https:\/\/pubeurope.com\/@pt\/115667180142419643","error":""},"_links":{"self":[{"href":"https:\/\/www.europesays.com\/pt\/wp-json\/wp\/v2\/posts\/176605","targetHints":{"allow":["GET"]}}],"collection":[{"href":"https:\/\/www.europesays.com\/pt\/wp-json\/wp\/v2\/posts"}],"about":[{"href":"https:\/\/www.europesays.com\/pt\/wp-json\/wp\/v2\/types\/post"}],"author":[{"embeddable":true,"href":"https:\/\/www.europesays.com\/pt\/wp-json\/wp\/v2\/users\/2"}],"replies":[{"embeddable":true,"href":"https:\/\/www.europesays.com\/pt\/wp-json\/wp\/v2\/comments?post=176605"}],"version-history":[{"count":0,"href":"https:\/\/www.europesays.com\/pt\/wp-json\/wp\/v2\/posts\/176605\/revisions"}],"wp:featuredmedia":[{"embeddable":true,"href":"https:\/\/www.europesays.com\/pt\/wp-json\/wp\/v2\/media\/176606"}],"wp:attachment":[{"href":"https:\/\/www.europesays.com\/pt\/wp-json\/wp\/v2\/media?parent=176605"}],"wp:term":[{"taxonomy":"category","embeddable":true,"href":"https:\/\/www.europesays.com\/pt\/wp-json\/wp\/v2\/categories?post=176605"},{"taxonomy":"post_tag","embeddable":true,"href":"https:\/\/www.europesays.com\/pt\/wp-json\/wp\/v2\/tags?post=176605"}],"curies":[{"name":"wp","href":"https:\/\/api.w.org\/{rel}","templated":true}]}}