{"id":176615,"date":"2025-12-05T13:33:12","date_gmt":"2025-12-05T13:33:12","guid":{"rendered":"https:\/\/www.europesays.com\/pt\/176615\/"},"modified":"2025-12-05T13:33:12","modified_gmt":"2025-12-05T13:33:12","slug":"putin-faz-ultimato-ou-libertamos-territorios-com-acao-militar-ou-as-tropas-ucranianas-retiram-se","status":"publish","type":"post","link":"https:\/\/www.europesays.com\/pt\/176615\/","title":{"rendered":"Putin faz ultimato: &#8220;Ou libertamos territ\u00f3rios com a\u00e7\u00e3o militar ou as tropas ucranianas retiram-se&#8221;"},"content":{"rendered":"<p data-remotead-prev-elm=\"true\" data-remotead-elm-id=\"inread\">&#8220;Agora tudo chegou a um ponto cr\u00edtico e tudo se resume a uma s\u00f3 coisa: ou libertamos os territ\u00f3rios atrav\u00e9s da a\u00e7\u00e3o militar, ou as tropas ucranianas retiram-se e abandonam o pa\u00eds&#8221;, disse Putin.<\/p>\n<p>O l\u00edder russo referia-se \u00e0 R\u00fassia, por considerar que as regi\u00f5es de Donetsk e Lugansk, que constituem o chamado Donbass, pertencem \u00e0 Federa\u00e7\u00e3o Russa.<\/p>\n<p>A entrevista ao canal &#8220;India Today&#8221; foi gravada em Moscovo na quarta-feira, v\u00e9spera da partida de Putin para uma visita de dois dias a Nova Deli, segundo a ag\u00eancia noticiosa espanhola EFE.<\/p>\n<p data-remotead-prev-elm=\"true\" data-remotead-elm-id=\"centro1\">Putin reuniu-se hoje em Nova Deli com o primeiro-ministro indiano, Narendra Modi.<\/p>\n<p>A R\u00fassia patrocinou desde 2014 uma guerra separatista em Donetsk e Lugansk, que declararam unilateralmente a independ\u00eancia e pediram a integra\u00e7\u00e3o na R\u00fassia.<\/p>\n<p>Um pedido de aux\u00edlio das duas autoproclamadas rep\u00fablicas esteve na origem direta da invas\u00e3o da Ucr\u00e2nia em fevereiro de 2022, que deu in\u00edcio \u00e0 guerra em curso entre os dois pa\u00edses outrora parceiros na Uni\u00e3o Sovi\u00e9tica.<\/p>\n<p data-remotead-prev-elm=\"true\" data-remotead-elm-id=\"centro2\">Moscovo declarou Donetsk e Lugansk como parte da Federa\u00e7\u00e3o Russa em 30 de setembro de 2022, juntamente com Zaporijia e Kherson, que juntou \u00e0 Crimeia, anexada em 2014, mas sem o reconhecimento ucraniano e internacional.<\/p>\n<p>A retirada do Donbass, a ren\u00fancia ucraniana a ingressar na NATO, as garantias de seguran\u00e7a e as repara\u00e7\u00f5es russas no p\u00f3s-guerra s\u00e3o algumas das quest\u00f5es que dividem as duas partes nas negocia\u00e7\u00f5es sob media\u00e7\u00e3o dos Estados Unidos.<\/p>\n<p>O processo foi marcado nos \u00faltimos dias por reuni\u00f5es do enviado especial norte-americano Steve Witkoff com Putin na R\u00fassia, e do negociador ucraniano Rustem Umerov nos Estados Unidos, sem que, para j\u00e1, tenha sido alcan\u00e7ado um acordo.<\/p>\n<p data-remotead-prev-elm=\"true\" data-remotead-elm-id=\"centro3\">Putin aproveitou a entrevista ao India Today para abordar as negocia\u00e7\u00f5es com Washington e reconheceu que Moscovo n\u00e3o concorda com algumas partes do plano proposto pelo Presidente Donald Trump.<\/p>\n<p>O l\u00edder russo assegurou que tiveram de rever &#8220;cada ponto&#8221; do documento apresentado em Moscovo por Steve Witkoff.<\/p>\n<p>Embora tenha confirmado as discrep\u00e2ncias, Putin optou pela cautela e assinalou que era prematuro detalhar que aspetos n\u00e3o convinham a Moscovo.<\/p>\n<p data-remotead-prev-elm=\"true\" data-remotead-elm-id=\"centro4\">&#8220;Dizer agora o que n\u00e3o nos conv\u00e9m ou at\u00e9 onde poder\u00edamos chegar a um acordo \u00e9 prematuro, j\u00e1 que poderia perturbar o modo de funcionamento que o Presidente Trump est\u00e1 a tentar estabelecer&#8221;, justificou.<\/p>\n<p>A R\u00fassia controla atualmente quase 20% do territ\u00f3rio ucraniano, incluindo a totalidade da regi\u00e3o de Lugansk e 80% de Donetsk.<\/p>\n<p>O ex\u00e9rcito russo realizou nos \u00faltimos dias opera\u00e7\u00f5es militares em Donetsk, onde, segundo Moscovo, conquistou o basti\u00e3o de Pokrovsk.<\/p>\n","protected":false},"excerpt":{"rendered":"&#8220;Agora tudo chegou a um ponto cr\u00edtico e tudo se resume a uma s\u00f3 coisa: ou libertamos os&hellip;\n","protected":false},"author":2,"featured_media":176616,"comment_status":"","ping_status":"","sticky":false,"template":"","format":"standard","meta":{"footnotes":""},"categories":[8],"tags":[27,28,15,16,889,14,25,26,21,22,62,12,13,19,20,32,23,24,33,839,17,18,840,29,30,31,2415],"class_list":{"0":"post-176615","1":"post","2":"type-post","3":"status-publish","4":"format-standard","5":"has-post-thumbnail","7":"category-principais-noticias","8":"tag-breaking-news","9":"tag-breakingnews","10":"tag-featured-news","11":"tag-featurednews","12":"tag-guerra-na-ucrania","13":"tag-headlines","14":"tag-latest-news","15":"tag-latestnews","16":"tag-main-news","17":"tag-mainnews","18":"tag-mundo","19":"tag-news","20":"tag-noticias","21":"tag-noticias-principais","22":"tag-noticiasprincipais","23":"tag-portugal","24":"tag-principais-noticias","25":"tag-principaisnoticias","26":"tag-pt","27":"tag-russia","28":"tag-top-stories","29":"tag-topstories","30":"tag-ucrania","31":"tag-ultimas","32":"tag-ultimas-noticias","33":"tag-ultimasnoticias","34":"tag-vladimir-putin"},"share_on_mastodon":{"url":"https:\/\/pubeurope.com\/@pt\/115667219693447322","error":""},"_links":{"self":[{"href":"https:\/\/www.europesays.com\/pt\/wp-json\/wp\/v2\/posts\/176615","targetHints":{"allow":["GET"]}}],"collection":[{"href":"https:\/\/www.europesays.com\/pt\/wp-json\/wp\/v2\/posts"}],"about":[{"href":"https:\/\/www.europesays.com\/pt\/wp-json\/wp\/v2\/types\/post"}],"author":[{"embeddable":true,"href":"https:\/\/www.europesays.com\/pt\/wp-json\/wp\/v2\/users\/2"}],"replies":[{"embeddable":true,"href":"https:\/\/www.europesays.com\/pt\/wp-json\/wp\/v2\/comments?post=176615"}],"version-history":[{"count":0,"href":"https:\/\/www.europesays.com\/pt\/wp-json\/wp\/v2\/posts\/176615\/revisions"}],"wp:featuredmedia":[{"embeddable":true,"href":"https:\/\/www.europesays.com\/pt\/wp-json\/wp\/v2\/media\/176616"}],"wp:attachment":[{"href":"https:\/\/www.europesays.com\/pt\/wp-json\/wp\/v2\/media?parent=176615"}],"wp:term":[{"taxonomy":"category","embeddable":true,"href":"https:\/\/www.europesays.com\/pt\/wp-json\/wp\/v2\/categories?post=176615"},{"taxonomy":"post_tag","embeddable":true,"href":"https:\/\/www.europesays.com\/pt\/wp-json\/wp\/v2\/tags?post=176615"}],"curies":[{"name":"wp","href":"https:\/\/api.w.org\/{rel}","templated":true}]}}