{"id":176631,"date":"2025-12-05T13:45:31","date_gmt":"2025-12-05T13:45:31","guid":{"rendered":"https:\/\/www.europesays.com\/pt\/176631\/"},"modified":"2025-12-05T13:45:31","modified_gmt":"2025-12-05T13:45:31","slug":"europeus-acreditam-que-uma-guerra-com-a-russia-e-possivel-segundo-pesquisa","status":"publish","type":"post","link":"https:\/\/www.europesays.com\/pt\/176631\/","title":{"rendered":"Europeus acreditam que uma guerra com a R\u00fassia \u00e9 poss\u00edvel, segundo pesquisa"},"content":{"rendered":"\n<p class=\" content-text__container \" data-track-category=\"Link no Texto\" data-track-links=\"\"> De acordo com este estudo, realizado no final de novembro com uma amostra de 9.553 pessoas, mais da metade (51%) dos entrevistados acredita que existe um risco &#8220;alto&#8221; ou &#8220;muito alto&#8221; de a R\u00fassia entrar em guerra com seu pa\u00eds nos pr\u00f3ximos anos. <\/p>\n<p class=\" content-text__container \" data-track-category=\"Link no Texto\" data-track-links=\"\"> A pesquisa abrange nove pa\u00edses (Fran\u00e7a, Alemanha, It\u00e1lia, Espanha, Pol\u00f4nia, Portugal, Cro\u00e1cia, B\u00e9lgica e Holanda), com amostras de mais de 1.000 pessoas em cada um. A percep\u00e7\u00e3o do risco de um conflito aberto com a R\u00fassia varia de pa\u00eds para pa\u00eds. <\/p>\n<p class=\" content-text__container \" data-track-category=\"Link no Texto\" data-track-links=\"\"> Na Pol\u00f4nia, que faz fronteira com a R\u00fassia e seu aliado Belarus, 77% dos entrevistados consideram esse risco alto ou muito alto. Na Fran\u00e7a, a porcentagem \u00e9 de 54% e, na Alemanha, de 51%. Em contraste, 65% dos italianos consideram o risco baixo ou inexistente. <\/p>\n<p class=\" content-text__container \" data-track-category=\"Link no Texto\" data-track-links=\"\"> &#8220;A R\u00fassia representa, de longe, a amea\u00e7a estatal de guerra mais estruturante para a opini\u00e3o europeia&#8221;, analisa a Le Grand Continent, uma publica\u00e7\u00e3o geopol\u00edtica ligada \u00e0 \u00c9cole Normale Sup\u00e9rieure, na Fran\u00e7a. <\/p>\n","protected":false},"excerpt":{"rendered":"De acordo com este estudo, realizado no final de novembro com uma amostra de 9.553 pessoas, mais da&hellip;\n","protected":false},"author":2,"featured_media":176632,"comment_status":"","ping_status":"","sticky":false,"template":"","format":"standard","meta":{"footnotes":""},"categories":[50],"tags":[27,28,15,16,319,14,25,26,21,22,62,12,13,19,20,23,24,839,17,18,29,30,31,63,64,65],"class_list":{"0":"post-176631","1":"post","2":"type-post","3":"status-publish","4":"format-standard","5":"has-post-thumbnail","7":"category-mundo","8":"tag-breaking-news","9":"tag-breakingnews","10":"tag-featured-news","11":"tag-featurednews","12":"tag-hard-news","13":"tag-headlines","14":"tag-latest-news","15":"tag-latestnews","16":"tag-main-news","17":"tag-mainnews","18":"tag-mundo","19":"tag-news","20":"tag-noticias","21":"tag-noticias-principais","22":"tag-noticiasprincipais","23":"tag-principais-noticias","24":"tag-principaisnoticias","25":"tag-russia","26":"tag-top-stories","27":"tag-topstories","28":"tag-ultimas","29":"tag-ultimas-noticias","30":"tag-ultimasnoticias","31":"tag-world","32":"tag-world-news","33":"tag-worldnews"},"share_on_mastodon":{"url":"https:\/\/pubeurope.com\/@pt\/115667266647350897","error":""},"_links":{"self":[{"href":"https:\/\/www.europesays.com\/pt\/wp-json\/wp\/v2\/posts\/176631","targetHints":{"allow":["GET"]}}],"collection":[{"href":"https:\/\/www.europesays.com\/pt\/wp-json\/wp\/v2\/posts"}],"about":[{"href":"https:\/\/www.europesays.com\/pt\/wp-json\/wp\/v2\/types\/post"}],"author":[{"embeddable":true,"href":"https:\/\/www.europesays.com\/pt\/wp-json\/wp\/v2\/users\/2"}],"replies":[{"embeddable":true,"href":"https:\/\/www.europesays.com\/pt\/wp-json\/wp\/v2\/comments?post=176631"}],"version-history":[{"count":0,"href":"https:\/\/www.europesays.com\/pt\/wp-json\/wp\/v2\/posts\/176631\/revisions"}],"wp:featuredmedia":[{"embeddable":true,"href":"https:\/\/www.europesays.com\/pt\/wp-json\/wp\/v2\/media\/176632"}],"wp:attachment":[{"href":"https:\/\/www.europesays.com\/pt\/wp-json\/wp\/v2\/media?parent=176631"}],"wp:term":[{"taxonomy":"category","embeddable":true,"href":"https:\/\/www.europesays.com\/pt\/wp-json\/wp\/v2\/categories?post=176631"},{"taxonomy":"post_tag","embeddable":true,"href":"https:\/\/www.europesays.com\/pt\/wp-json\/wp\/v2\/tags?post=176631"}],"curies":[{"name":"wp","href":"https:\/\/api.w.org\/{rel}","templated":true}]}}