{"id":176633,"date":"2025-12-05T13:47:26","date_gmt":"2025-12-05T13:47:26","guid":{"rendered":"https:\/\/www.europesays.com\/pt\/176633\/"},"modified":"2025-12-05T13:47:26","modified_gmt":"2025-12-05T13:47:26","slug":"do-luxo-a-vida-incognita-numa-casa-arrendada-casal-de-felgueiras-capturado-apos-tres-anos-em-fuga","status":"publish","type":"post","link":"https:\/\/www.europesays.com\/pt\/176633\/","title":{"rendered":"Do luxo \u00e0 vida inc\u00f3gnita numa casa arrendada: casal de Felgueiras capturado ap\u00f3s tr\u00eas anos em fuga"},"content":{"rendered":"<p>Durante dois anos, um casal de Felgueiras lucrou 14,5 milh\u00f5es de euros com um esquema de pir\u00e2mide, pelo qual seriam condenados em 2018. A pena de Arm\u00e9nio Ferreira (oito anos de pris\u00e3o) e de Margarida Magalh\u00e3es (sete anos de cadeia) tornou-se definitiva em 2022, mas nenhum deles se entregou \u00e0s autoridades. Na ter\u00e7a-feira, foram capturados pela Pol\u00edcia Judici\u00e1ria (PJ) a regressar ao apartamento alugado, situado numa localidade de Guimar\u00e3es, onde residiam de forma inc\u00f3gnita e sem os luxos de outrora.<\/p>\n","protected":false},"excerpt":{"rendered":"Durante dois anos, um casal de Felgueiras lucrou 14,5 milh\u00f5es de euros com um esquema de pir\u00e2mide, pelo&hellip;\n","protected":false},"author":2,"featured_media":176634,"comment_status":"","ping_status":"","sticky":false,"template":"","format":"standard","meta":{"footnotes":""},"categories":[8],"tags":[36605,27,28,5015,36604,15,16,35204,14,603,25,26,21,22,12,13,19,20,32,23,24,33,17,18,29,30,31],"class_list":{"0":"post-176633","1":"post","2":"type-post","3":"status-publish","4":"format-standard","5":"has-post-thumbnail","7":"category-principais-noticias","8":"tag-amc-invest","9":"tag-breaking-news","10":"tag-breakingnews","11":"tag-burla","12":"tag-esquema-em-piramide","13":"tag-featured-news","14":"tag-featurednews","15":"tag-fugitivos","16":"tag-headlines","17":"tag-justica","18":"tag-latest-news","19":"tag-latestnews","20":"tag-main-news","21":"tag-mainnews","22":"tag-news","23":"tag-noticias","24":"tag-noticias-principais","25":"tag-noticiasprincipais","26":"tag-portugal","27":"tag-principais-noticias","28":"tag-principaisnoticias","29":"tag-pt","30":"tag-top-stories","31":"tag-topstories","32":"tag-ultimas","33":"tag-ultimas-noticias","34":"tag-ultimasnoticias"},"share_on_mastodon":{"url":"https:\/\/pubeurope.com\/@pt\/115667274677673441","error":""},"_links":{"self":[{"href":"https:\/\/www.europesays.com\/pt\/wp-json\/wp\/v2\/posts\/176633","targetHints":{"allow":["GET"]}}],"collection":[{"href":"https:\/\/www.europesays.com\/pt\/wp-json\/wp\/v2\/posts"}],"about":[{"href":"https:\/\/www.europesays.com\/pt\/wp-json\/wp\/v2\/types\/post"}],"author":[{"embeddable":true,"href":"https:\/\/www.europesays.com\/pt\/wp-json\/wp\/v2\/users\/2"}],"replies":[{"embeddable":true,"href":"https:\/\/www.europesays.com\/pt\/wp-json\/wp\/v2\/comments?post=176633"}],"version-history":[{"count":0,"href":"https:\/\/www.europesays.com\/pt\/wp-json\/wp\/v2\/posts\/176633\/revisions"}],"wp:featuredmedia":[{"embeddable":true,"href":"https:\/\/www.europesays.com\/pt\/wp-json\/wp\/v2\/media\/176634"}],"wp:attachment":[{"href":"https:\/\/www.europesays.com\/pt\/wp-json\/wp\/v2\/media?parent=176633"}],"wp:term":[{"taxonomy":"category","embeddable":true,"href":"https:\/\/www.europesays.com\/pt\/wp-json\/wp\/v2\/categories?post=176633"},{"taxonomy":"post_tag","embeddable":true,"href":"https:\/\/www.europesays.com\/pt\/wp-json\/wp\/v2\/tags?post=176633"}],"curies":[{"name":"wp","href":"https:\/\/api.w.org\/{rel}","templated":true}]}}