{"id":176637,"date":"2025-12-05T13:51:12","date_gmt":"2025-12-05T13:51:12","guid":{"rendered":"https:\/\/www.europesays.com\/pt\/176637\/"},"modified":"2025-12-05T13:51:12","modified_gmt":"2025-12-05T13:51:12","slug":"bruna-atinge-o-limite-com-liliana-e-dispara-ela-esta-descompensada-secret-story","status":"publish","type":"post","link":"https:\/\/www.europesays.com\/pt\/176637\/","title":{"rendered":"Bruna atinge o limite com Liliana e dispara: \u00abEla est\u00e1 descompensada\u00bb &#8211; Secret Story"},"content":{"rendered":"<p style=\"margin-bottom:11px\">No Secret Story 9, depois do Especial, Bruna, In\u00eas e Ana criticam a postura de Liliana dentro casa. As concorrentes assumem que a colega est\u00e1 a atingir todos os limites para \u2018aparecer\u2019.<\/p>\n<p><strong>Esta semana, quatro concorrentes est\u00e3o nomeados e em risco de expuls\u00e3o. Pode votar na APP oficial do TVI reality ou atrav\u00e9s das linhas telef\u00f3nicas.<\/strong><\/p>\n<p>VOTE PARA SALVAR:<\/p>\n<p>BRUNA \u00a0\u2013 \u00a0761 20 20 03<br \/>LILIANA \u00a0\u2013 \u00a0761 20 20 14<br \/>MARISA \u00a0\u2013 \u00a0761 20 20 16<br \/>PEDRO \u00a0\u2013 \u00a0761 20 20 18<\/p>\n<p><a href=\"https:\/\/tvi.iol.pt\/secretstory\/aominuto\" wbo-id=\"32\" rel=\"nofollow noopener\" target=\"_blank\">Acompanhe aqui tudo o que se passa no Secret Story 9<\/a>!<\/p>\n","protected":false},"excerpt":{"rendered":"No Secret Story 9, depois do Especial, Bruna, In\u00eas e Ana criticam a postura de Liliana dentro casa.&hellip;\n","protected":false},"author":2,"featured_media":176638,"comment_status":"","ping_status":"","sticky":false,"template":"","format":"standard","meta":{"footnotes":""},"categories":[142],"tags":[6340,1997,114,115,19033,15353,19016,19034,32,33,151,19032],"class_list":{"0":"post-176637","1":"post","2":"type-post","3":"status-publish","4":"format-standard","5":"has-post-thumbnail","7":"category-tv","8":"tag-ana","9":"tag-bruna","10":"tag-entertainment","11":"tag-entretenimento","12":"tag-galas-em-video","13":"tag-ines","14":"tag-liliana","15":"tag-melhores-momentos-casa-dos-segredos","16":"tag-portugal","17":"tag-pt","18":"tag-tv","19":"tag-videos-secret-story-tvi"},"share_on_mastodon":{"url":"https:\/\/pubeurope.com\/@pt\/115667290247948994","error":""},"_links":{"self":[{"href":"https:\/\/www.europesays.com\/pt\/wp-json\/wp\/v2\/posts\/176637","targetHints":{"allow":["GET"]}}],"collection":[{"href":"https:\/\/www.europesays.com\/pt\/wp-json\/wp\/v2\/posts"}],"about":[{"href":"https:\/\/www.europesays.com\/pt\/wp-json\/wp\/v2\/types\/post"}],"author":[{"embeddable":true,"href":"https:\/\/www.europesays.com\/pt\/wp-json\/wp\/v2\/users\/2"}],"replies":[{"embeddable":true,"href":"https:\/\/www.europesays.com\/pt\/wp-json\/wp\/v2\/comments?post=176637"}],"version-history":[{"count":0,"href":"https:\/\/www.europesays.com\/pt\/wp-json\/wp\/v2\/posts\/176637\/revisions"}],"wp:featuredmedia":[{"embeddable":true,"href":"https:\/\/www.europesays.com\/pt\/wp-json\/wp\/v2\/media\/176638"}],"wp:attachment":[{"href":"https:\/\/www.europesays.com\/pt\/wp-json\/wp\/v2\/media?parent=176637"}],"wp:term":[{"taxonomy":"category","embeddable":true,"href":"https:\/\/www.europesays.com\/pt\/wp-json\/wp\/v2\/categories?post=176637"},{"taxonomy":"post_tag","embeddable":true,"href":"https:\/\/www.europesays.com\/pt\/wp-json\/wp\/v2\/tags?post=176637"}],"curies":[{"name":"wp","href":"https:\/\/api.w.org\/{rel}","templated":true}]}}