{"id":176647,"date":"2025-12-05T13:59:11","date_gmt":"2025-12-05T13:59:11","guid":{"rendered":"https:\/\/www.europesays.com\/pt\/176647\/"},"modified":"2025-12-05T13:59:11","modified_gmt":"2025-12-05T13:59:11","slug":"trump-quer-reduzir-eficiencia-dos-carros-para-gastarem-mais-gasolina-automoveis","status":"publish","type":"post","link":"https:\/\/www.europesays.com\/pt\/176647\/","title":{"rendered":"Trump quer reduzir efici\u00eancia dos carros para gastarem mais gasolina | Autom\u00f3veis"},"content":{"rendered":"<p>O Presidente norte-americano, Donald Trump, anunciou a inten\u00e7\u00e3o de aligeirar o padr\u00e3o de efici\u00eancia do combust\u00edvel usado nos autom\u00f3veis, ou seja permitir que consumam mais gasolina ou gas\u00f3leo fazendo menos quil\u00f3metros do que actualmente. O objectivo \u00e9 eliminar as regulamenta\u00e7\u00f5es destinadas a controlar as emiss\u00f5es de gases com efeito de estufa, que tinham sido refor\u00e7adas pelo Presidente Joe Biden.<\/p>\n<p>Acossado pelas cr\u00edticas de que n\u00e3o est\u00e1 a fazer nada para que <a href=\"http:\/\/www.publico.pt\/2025\/11\/14\/mundo\/noticia\/trump-recua-estrategia-tarifas-abre-excepcoes-alimentos-2154691\" rel=\"nofollow noopener\" target=\"_blank\">o<\/a><a href=\"https:\/\/www.publico.pt\/2025\/11\/14\/mundo\/noticia\/trump-recua-estrategia-tarifas-abre-excepcoes-alimentos-2154691\" rel=\"nofollow noopener\" target=\"_blank\">s pre\u00e7os e a infla\u00e7\u00e3o diminuam<\/a>, Trump defendeu que diminuir a efici\u00eancia energ\u00e9tica dos autom\u00f3veis permitir\u00e1 reduzir-lhes o pre\u00e7o. &#8220;As pessoas querem carros a gasolina&#8221;, afirmou o Presidente, que tem tentado <a href=\"https:\/\/www.publico.pt\/2025\/06\/25\/mundo\/noticia\/juiza-impede-administracao-trump-reter-fundos-infraestruturas-carregamento-electrico-2137747\" rel=\"nofollow noopener\" target=\"_blank\">dificultar o progresso dos carros el\u00e9ctricos<\/a>.<\/p>\n<p>A proposta \u00e9 baixar a actual exig\u00eancia de que os autom\u00f3veis gastem 4,7 litros aos 100 km para um n\u00edvel muito mais permissivo, de 6,80 l\/100 km, explica a Reuters.<\/p>\n<p>&#8220;Estamos oficialmente a remover os padr\u00f5es CAFE ridiculamente restritivos e horr\u00edveis de Joe Biden, que impuseram restri\u00e7\u00f5es dispendiosas e todo o tipo de problemas&#8221;, declarou Trump, na Sala Oval da Casa Branca, citado pela ag\u00eancia AFP. O Presidente dos EUA referia-se \u00e0s regulamenta\u00e7\u00f5es de Economia M\u00e9dia de Combust\u00edvel Corporativa (CAFE, na sigla em ingl\u00eas), postas em pr\u00e1tica em 1975 e endurecidas pelo ex-Presidente democrata Joe Biden.<\/p>\n<p>Retrocesso em curso<\/p>\n<p>Desde que regressou \u00e0 Casa Branca para um segundo mandato, em Janeiro, Trump espalhou o seu cepticismo em rela\u00e7\u00e3o \u00e0s altera\u00e7\u00f5es clim\u00e1ticas, e revogou ou enfraqueceu v\u00e1rias medidas que promoviam a transi\u00e7\u00e3o para os ve\u00edculos el\u00e9ctricos, entre outras medidas de protec\u00e7\u00e3o do clima e da natureza.<\/p>\n<p>O programa CAFE exige que os ve\u00edculos atinjam a melhor economia de combust\u00edvel poss\u00edvel por quil\u00f3metro. O Governo de Biden tinha determinado uma melhoria de 8% para os modelos de 2024 e 2025 e de 10% para os modelos de 2026, para atingir mais de 80 km por 3,78 litros. As regras de Biden procuraram incentivar os fabricantes de autom\u00f3veis a p\u00f4r no mercado um n\u00famero crescente de ve\u00edculos el\u00e9ctricos, mas n\u00e3o teriam for\u00e7ado o fim imediato dos motores de combust\u00e3o.<\/p>\n<p>A proposta agora \u00e9 uma revis\u00e3o em baixa das normas de economia de combust\u00edvel de 2022, atrav\u00e9s de um aumento anual do consumo de 0,25% a 0,5% at\u00e9 2031. As estimativas apresentadas apontam para que esta redu\u00e7\u00e3o da efici\u00eancia energ\u00e9tica dos autom\u00f3veis poderia reduzir os os custos m\u00e9dios iniciais dos ve\u00edculos em cerca de 900 d\u00f3lares.<\/p>\n<p>Fabricantes satisfeitos<\/p>\n<p>A estimativa \u00e9 que a regra proposta reduziria os custos m\u00e9dios iniciais dos ve\u00edculos em cerca de 900 d\u00f3lares, mas aumentaria o consumo de combust\u00edvel em cerca de 378 bili\u00f5es (milh\u00f5es de milh\u00f5es) de litros at\u00e9 2050 e custaria aos americanos at\u00e9 mais 185 mil milh\u00f5es de d\u00f3lares. Al\u00e9m de aumentar as emiss\u00f5es de di\u00f3xido de carbono dos Estados Unidos em cerca de 5%, salienta a Reuters.<\/p>\n<p>A redu\u00e7\u00e3o da regra facilitar\u00e1 muito o cumprimento por parte dos fabricantes de autom\u00f3veis durante algum tempo: poderiam poupar 35 mil milh\u00f5es de d\u00f3lares at\u00e9 2031, incluindo 8700 milh\u00f5es de d\u00f3lares para a GM e mais de 5000 milh\u00f5es de d\u00f3lares para a Ford e a Stellantis.<\/p>\n<p>Na <a href=\"https:\/\/www.publico.pt\/2025\/12\/04\/economia\/noticia\/pressao-ue-flexibilizar-objectivo-acabar-motores-combustao-2156773\" rel=\"nofollow noopener\" target=\"_blank\">Uni\u00e3o Europeia<\/a>, o esperado fim da venda de carros novos com motores de combust\u00e3o a partir de 2035 tamb\u00e9m pode sofrer &#8220;flexibiliza\u00e7\u00f5es&#8221; que atrasem e aligeirem os objectivos de transitar para uma economia de baixo carbono, ap\u00f3s press\u00f5es dos fabricantes de autom\u00f3veis e alguns governos, entre os quais a Alemanha.<\/p>\n<p>    &#13;<\/p>\n<blockquote><p>&#13;<\/p>\n<p>&#13;<br \/>\n                5%&#13;<br \/>\n                \u00e9 quanto as emiss\u00f5es de di\u00f3xido de carbono dos EUA podem aumentar com a diminui\u00e7\u00e3o dos padr\u00f5es de efici\u00eancia no uso de combust\u00edveis&#13;\n            <\/p>\n<p>&#13;\n        <\/p><\/blockquote>\n<p>&#13;<br \/>\n&#13;<br \/>\n        &#13;<\/p>\n<p>Por isso, os tr\u00eas principais fabricantes de autom\u00f3veis norte-americanos receberam bem a decis\u00e3o do Presidente republicano, em reac\u00e7\u00f5es divulgadas ainda antes do an\u00fancio da Casa Branca.<\/p>\n<p>A regra de efici\u00eancia deveria permitir reduzir o consumo de combust\u00edvel em 757 milh\u00f5es de litros at\u00e9 2050. Com estas mudan\u00e7as, o aumento das emiss\u00f5es de gases de estufa ser\u00e1 equivalente a ter mais 7,7 milh\u00f5es de carros a circular nas estradas americanas at\u00e9 2035.<\/p>\n<p>&#8220;A Administra\u00e7\u00e3o Trump est\u00e1 a castigar os condutores com custos mais elevados na compra de combust\u00edvel, para beneficiar a ind\u00fastria petrol\u00edfera. Os condutores v\u00e3o pagar centenas de d\u00f3lares a mais todos os anos se estas regras avan\u00e7arem&#8221;, afirmou Katthy Harris, directora respons\u00e1vel pela \u00e1rea de ve\u00edculos limpos na organiza\u00e7\u00e3o n\u00e3o-governamental Natural Resources Defense Council, citada pela Reuters.<\/p>\n","protected":false},"excerpt":{"rendered":"O Presidente norte-americano, Donald Trump, anunciou a inten\u00e7\u00e3o de aligeirar o padr\u00e3o de efici\u00eancia do combust\u00edvel usado nos&hellip;\n","protected":false},"author":2,"featured_media":176648,"comment_status":"","ping_status":"","sticky":false,"template":"","format":"standard","meta":{"footnotes":""},"categories":[83],"tags":[2298,785,88,2271,786,92,89,9733,90,413,62,32,33],"class_list":{"0":"post-176647","1":"post","2":"type-post","3":"status-publish","4":"format-standard","5":"has-post-thumbnail","7":"category-empresas","8":"tag-automoveis","9":"tag-azul","10":"tag-business","11":"tag-clima","12":"tag-combustiveis-fosseis","13":"tag-donald-trump","14":"tag-economy","15":"tag-emissoes-antropogenicas","16":"tag-empresas","17":"tag-eua","18":"tag-mundo","19":"tag-portugal","20":"tag-pt"},"share_on_mastodon":{"url":"https:\/\/pubeurope.com\/@pt\/115667321901707959","error":""},"_links":{"self":[{"href":"https:\/\/www.europesays.com\/pt\/wp-json\/wp\/v2\/posts\/176647","targetHints":{"allow":["GET"]}}],"collection":[{"href":"https:\/\/www.europesays.com\/pt\/wp-json\/wp\/v2\/posts"}],"about":[{"href":"https:\/\/www.europesays.com\/pt\/wp-json\/wp\/v2\/types\/post"}],"author":[{"embeddable":true,"href":"https:\/\/www.europesays.com\/pt\/wp-json\/wp\/v2\/users\/2"}],"replies":[{"embeddable":true,"href":"https:\/\/www.europesays.com\/pt\/wp-json\/wp\/v2\/comments?post=176647"}],"version-history":[{"count":0,"href":"https:\/\/www.europesays.com\/pt\/wp-json\/wp\/v2\/posts\/176647\/revisions"}],"wp:featuredmedia":[{"embeddable":true,"href":"https:\/\/www.europesays.com\/pt\/wp-json\/wp\/v2\/media\/176648"}],"wp:attachment":[{"href":"https:\/\/www.europesays.com\/pt\/wp-json\/wp\/v2\/media?parent=176647"}],"wp:term":[{"taxonomy":"category","embeddable":true,"href":"https:\/\/www.europesays.com\/pt\/wp-json\/wp\/v2\/categories?post=176647"},{"taxonomy":"post_tag","embeddable":true,"href":"https:\/\/www.europesays.com\/pt\/wp-json\/wp\/v2\/tags?post=176647"}],"curies":[{"name":"wp","href":"https:\/\/api.w.org\/{rel}","templated":true}]}}