{"id":176653,"date":"2025-12-05T14:02:16","date_gmt":"2025-12-05T14:02:16","guid":{"rendered":"https:\/\/www.europesays.com\/pt\/176653\/"},"modified":"2025-12-05T14:02:16","modified_gmt":"2025-12-05T14:02:16","slug":"bebe-de-quatro-meses-levada-pela-mae-do-hospital-de-gaia-segue-para-instituicao","status":"publish","type":"post","link":"https:\/\/www.europesays.com\/pt\/176653\/","title":{"rendered":"Beb\u00e9 de quatro meses levada pela m\u00e3e do Hospital de Gaia segue para institui\u00e7\u00e3o"},"content":{"rendered":"<p>&#13;<br \/>\nA beb\u00e9 de quatro meses que, na tarde de quinta-feira, regressou ao Hospital de Gaia, depois de ter sido entregue no posto da Guarda Nacional Republicana dos Carvalhos, j\u00e1 se encontra numa institui\u00e7\u00e3o, noticiou esta sexta-feira a ag\u00eancia Lusa.<\/p>\n<p><b>&#13;<br \/>\nA crian\u00e7a foi levada pela m\u00e3e do internamento do Servi\u00e7o de Pediatria do Hospital de Gaia na quarta-feira, contra uma ordem judicial e contornando as medidas de seguran\u00e7a em vigor<\/b>.Em causa est\u00e1 um processo instaurado na Comiss\u00e3o de Prote\u00e7\u00e3o de Menores. A crian\u00e7a deveria, inicialmente, ser entregue a uma fam\u00edlia de acolhimento porque a m\u00e3e, que j\u00e1 tem outra filha, vive num acampamento.&#13;\n<\/p>\n<p>Em esclarecimento remetido \u00e0 RTP, o Minist\u00e9rio do Trabalho, Solidariedade e Seguran\u00e7a Social explicou tratar-se de <b>\u201cum processo instaurado na CPCJ de Vila Nova de Gaia Sul, que posteriormente foi remetido ao Tribunal Judicial da Comarca do Porto \u2013 Ju\u00edzo de Fam\u00edlia e Menores de Vila Nova de Gaia\u201d<\/b>.<\/p>\n<p><b>\u201cEste tribunal instaurou processo de promo\u00e7\u00e3o e aplicou a medida cautelar de acolhimento familiar\u201d<\/b>, prosseguiu o \u00f3rg\u00e3o do Governo.\u201cOs progenitores da menor s\u00e3o acompanhados, no &#13;<br \/>\n\u00e2mbito da medida de Rendimento Social de Inser\u00e7\u00e3o, pelo Servi\u00e7o de &#13;<br \/>\nAtendimento e Acompanhamento Social (SAAS) do Munic\u00edpio Vila Nova de &#13;<br \/>\nGaia beneficiando de diversos apoios\u201d.<br \/>&#13;\n<\/p>\n<p>A beb\u00e9 havia recebido alta cl\u00ednica e <b>n\u00e3o apresentava quaisquer sinais de maus-tratos<\/b>. Durante o per\u00edodo de visitas, esteve sempre acompanhada pela m\u00e3e e pela av\u00f3.A Unidade Local de Sa\u00fade de Gaia\/Espinho abriu um inqu\u00e9rito interno a este caso, ap\u00f3s a m\u00e3e da beb\u00e9 ter contornado as medidas de seguran\u00e7a ali implementadas &#8211; desde logo a pulseira de vigil\u00e2ncia, que foi encontrada intacta no caixote do lixo da casa de banho do quarto de internamento.<\/p>\n<p>Em declara\u00e7\u00f5es aos jornalistas, na quinta-feira, <b>o presidente do Conselho de Administra\u00e7\u00e3o da Unidade Local de Sa\u00fade, Lu\u00eds da Cruz Matos, prometeu \u201cavaliar tudo o que se passou\u201d<\/b>.<\/p>\n<p>          <img decoding=\"async\" itemprop=\"image\" class=\"img-fluid\"   src=\"https:\/\/www.europesays.com\/pt\/wp-content\/uploads\/2025\/12\/9036f5769c69c0b0c61a1f6f83e66b5b_N.jpg\"\/><\/p>\n<p>\u201cN\u00f3s vamos avaliar tudo, vamos avaliar o sistema das pulseiras, vamos avaliar como \u00e9 que foi poss\u00edvel ela ter sido retirada e vamos fazer os testes todos que pudermos\u201d, afian\u00e7ou o respons\u00e1vel.<\/p>\n<p>Lu\u00eds da Cruz Matos explica ainda que era permitido o contacto entre a m\u00e3e a crian\u00e7a porque n\u00e3o havia nenhuma ordem do tribunal em sentido contr\u00e1rio.<\/p>\n<p>          <img decoding=\"async\" itemprop=\"image\" class=\"img-fluid\"   src=\"https:\/\/www.europesays.com\/pt\/wp-content\/uploads\/2025\/12\/12432b09af0834203ea3f48a48b9c342_N.jpg\"\/><\/p>\n<p>\u201cTemos de retirar daqui uma aprendizagem para que isto n\u00e3o se repita. Isto n\u00e3o pode voltar a acontecer, n\u00f3s n\u00e3o vamos deixar que isto volte a acontecer e, por isso, <b>vamos retirar daqui todos os ensinamentos<\/b>\u201d, rematou.O Col\u00e9gio de Pediatria da Ordem dos M\u00e9dicos aconselha uma vigil\u00e2ncia mais apertada nestes casos.<br \/>&#13;<\/p>\n<p>Ouvida pela RTP, Dulce Rocha, ex-presidente do Instituto de Apoio \u00e0 crian\u00e7a, sustentou que n\u00e3o se pode retirar um filho \u00e0 m\u00e3e apenas por causa da habita\u00e7\u00e3o.<\/p>\n<p>          <img decoding=\"async\" itemprop=\"image\" class=\"img-fluid\"   src=\"https:\/\/www.europesays.com\/pt\/wp-content\/uploads\/2025\/12\/47809a4a1066781ce423224b2674a0c6_N.jpg\"\/><\/p>\n<p><b>\u201c\u00c9 um bocado chocante n\u00f3s estarmos no s\u00e9culo XXI, estarmos na Europa e sabermos que h\u00e1 uma retirada &#8211; aparentemente, porque isto \u00e9 sempre com reservas &#8211; em que o principal motivo \u00e9 a habita\u00e7\u00e3o. N\u00e3o pode ser\u201d<\/b>, vincou.<\/p>\n<p>c\/ Lusa<br \/>&#13;<br \/>\n&#13;\n            <\/p>\n","protected":false},"excerpt":{"rendered":"&#13; A beb\u00e9 de quatro meses que, na tarde de quinta-feira, regressou ao Hospital de Gaia, depois de&hellip;\n","protected":false},"author":2,"featured_media":176654,"comment_status":"","ping_status":"","sticky":false,"template":"","format":"standard","meta":{"footnotes":""},"categories":[8],"tags":[27,28,15,16,36608,14,25,26,21,22,12,13,19,20,32,23,24,33,17,18,29,30,31],"class_list":{"0":"post-176653","1":"post","2":"type-post","3":"status-publish","4":"format-standard","5":"has-post-thumbnail","7":"category-principais-noticias","8":"tag-breaking-news","9":"tag-breakingnews","10":"tag-featured-news","11":"tag-featurednews","12":"tag-gaia-espinho","13":"tag-headlines","14":"tag-latest-news","15":"tag-latestnews","16":"tag-main-news","17":"tag-mainnews","18":"tag-news","19":"tag-noticias","20":"tag-noticias-principais","21":"tag-noticiasprincipais","22":"tag-portugal","23":"tag-principais-noticias","24":"tag-principaisnoticias","25":"tag-pt","26":"tag-top-stories","27":"tag-topstories","28":"tag-ultimas","29":"tag-ultimas-noticias","30":"tag-ultimasnoticias"},"share_on_mastodon":{"url":"https:\/\/pubeurope.com\/@pt\/115667333848965862","error":""},"_links":{"self":[{"href":"https:\/\/www.europesays.com\/pt\/wp-json\/wp\/v2\/posts\/176653","targetHints":{"allow":["GET"]}}],"collection":[{"href":"https:\/\/www.europesays.com\/pt\/wp-json\/wp\/v2\/posts"}],"about":[{"href":"https:\/\/www.europesays.com\/pt\/wp-json\/wp\/v2\/types\/post"}],"author":[{"embeddable":true,"href":"https:\/\/www.europesays.com\/pt\/wp-json\/wp\/v2\/users\/2"}],"replies":[{"embeddable":true,"href":"https:\/\/www.europesays.com\/pt\/wp-json\/wp\/v2\/comments?post=176653"}],"version-history":[{"count":0,"href":"https:\/\/www.europesays.com\/pt\/wp-json\/wp\/v2\/posts\/176653\/revisions"}],"wp:featuredmedia":[{"embeddable":true,"href":"https:\/\/www.europesays.com\/pt\/wp-json\/wp\/v2\/media\/176654"}],"wp:attachment":[{"href":"https:\/\/www.europesays.com\/pt\/wp-json\/wp\/v2\/media?parent=176653"}],"wp:term":[{"taxonomy":"category","embeddable":true,"href":"https:\/\/www.europesays.com\/pt\/wp-json\/wp\/v2\/categories?post=176653"},{"taxonomy":"post_tag","embeddable":true,"href":"https:\/\/www.europesays.com\/pt\/wp-json\/wp\/v2\/tags?post=176653"}],"curies":[{"name":"wp","href":"https:\/\/api.w.org\/{rel}","templated":true}]}}