{"id":176657,"date":"2025-12-05T14:06:11","date_gmt":"2025-12-05T14:06:11","guid":{"rendered":"https:\/\/www.europesays.com\/pt\/176657\/"},"modified":"2025-12-05T14:06:11","modified_gmt":"2025-12-05T14:06:11","slug":"ultimo-episodio-da-serie-chega-as-salas-de-cinema","status":"publish","type":"post","link":"https:\/\/www.europesays.com\/pt\/176657\/","title":{"rendered":"\u00faltimo epis\u00f3dio da s\u00e9rie chega \u00e0s salas de cinema"},"content":{"rendered":"<p>Original da Netflix, a s\u00e9rie Stranger Things conquistou muitos cora\u00e7\u00f5es, especialmente o daqueles que sentem uma certa nostalgia relativamente \u00e0 m\u00edstica da d\u00e9cada de 1980. Refor\u00e7ando o suspense que tem sido erguido \u00e0 volta da \u00faltima temporada, a Netflix n\u00e3o apenas revelou a dura\u00e7\u00e3o do \u00faltimo epis\u00f3dio, como informou que ser\u00e1 exibido em salas de cinema.<\/p>\n<p><a target=\"_blank\" href=\"https:\/\/pplware.sapo.pt\/wp-content\/uploads\/2025\/12\/Stranger-Things.jpg\" onclick=\"refreshIframe()\" class=\"foobox\" rel=\"nofollow noopener\"><img fetchpriority=\"high\" decoding=\"async\" src=\"https:\/\/www.europesays.com\/pt\/wp-content\/uploads\/2025\/12\/Stranger-Things-720x405.jpg\" alt=\"\" width=\"720\" height=\"405\" class=\"aligncenter size-medium wp-image-1091736\"  \/><\/a>\n<\/p>\n<p>Com os quatro primeiros epis\u00f3dios j\u00e1 lan\u00e7ados, os telespectadores ter\u00e3o de esperar mais uns dias &#8211; e depois mais alguns, novamente &#8211; para concluir a hist\u00f3ria que acompanha os habitantes de Hawkins, ap\u00f3s uma jovem com poderes psicocin\u00e9ticos abrir um portal entre a Terra e outra dimens\u00e3o, conhecida como Upside Down.<\/p>\n<p>Numa calendariza\u00e7\u00e3o impr\u00f3pria para card\u00edacos, os tr\u00eas pr\u00f3ximos epis\u00f3dios ser\u00e3o lan\u00e7ados ap\u00f3s o Natal, no dia 26 de dezembro, e o epis\u00f3dio final sair\u00e1 apenas em 2026, no dia 1 de janeiro.<\/p>\n<p>Agora, com os f\u00e3s a aguardar novos desenvolvimentos e, eventualmente, o desfecho, a Netflix partilhou a dura\u00e7\u00e3o do epis\u00f3dio final e, al\u00e9m disso, informou que poder\u00e1 ser acompanhado no grande ecr\u00e3.<\/p>\n<p><a target=\"_blank\" href=\"https:\/\/pplware.sapo.pt\/wp-content\/uploads\/2025\/12\/stranger_things5_cinema.jpg\" onclick=\"refreshIframe()\" class=\"foobox\" rel=\"nofollow noopener\"><img loading=\"lazy\" decoding=\"async\" src=\"https:\/\/www.europesays.com\/pt\/wp-content\/uploads\/2025\/12\/stranger_things5_cinema-720x390.jpg\" alt=\"\" width=\"720\" height=\"390\" class=\"aligncenter size-medium wp-image-1091739\"  \/><\/a><\/p>\n<p>Sucesso de Stranger Things culmina no cinema<\/p>\n<p>O cap\u00edtulo final de Stranger Things ter\u00e1 a dura\u00e7\u00e3o de 125 minutos, o que equivale a 2h05, sendo, de longe, o epis\u00f3dio mais longo de todas as cinco temporadas.<\/p>\n<p>Al\u00e9m de disponibilizado na plataforma de streaming em todo o mundo, o epis\u00f3dio final ser\u00e1 exibido em mais de 500 <a target=\"_blank\" href=\"https:\/\/www.st5finale.com\/\" rel=\"nofollow noopener\">cinemas<\/a>, mas apenas nos Estados Unidos e Canad\u00e1.<\/p>\n<p>Esta passagem pelo cinema poder\u00e1 justificar-se pelo colossal sucesso da s\u00e9rie, cuja 5.\u00aa temporada, que estreou no dia 27 de novembro e <a target=\"_blank\" href=\"https:\/\/pplware.sapo.pt\/internet\/netflix-ficou-indisponivel-e-a-culpa-foi-da-5-a-temporada-de-stranger-things\/\" rel=\"nofollow noopener\">deitou a Netflix a baixo<\/a>, j\u00e1 tem a melhor semana de estreia da hist\u00f3ria para uma s\u00e9rie em ingl\u00eas na Netflix, com 59,6 milh\u00f5es de visualiza\u00e7\u00f5es.<\/p>\n<p>N\u00e3o sendo isso suficiente, as temporadas anteriores est\u00e3o, <a target=\"_blank\" href=\"https:\/\/deadline.com\/2025\/11\/stranger-things-netflix-ratings-four-seasons-1236628742\/\" rel=\"nofollow noopener\">tamb\u00e9m<\/a>, no top 10 semanal, sendo esta a primeira s\u00e9rie a consegui-lo na hist\u00f3ria da plataforma de streaming.<\/p>\n","protected":false},"excerpt":{"rendered":"Original da Netflix, a s\u00e9rie Stranger Things conquistou muitos cora\u00e7\u00f5es, especialmente o daqueles que sentem uma certa nostalgia&hellip;\n","protected":false},"author":2,"featured_media":176658,"comment_status":"","ping_status":"","sticky":false,"template":"","format":"standard","meta":{"footnotes":""},"categories":[142],"tags":[470,114,115,1820,32,33,1611,151],"class_list":{"0":"post-176657","1":"post","2":"type-post","3":"status-publish","4":"format-standard","5":"has-post-thumbnail","7":"category-tv","8":"tag-cinema","9":"tag-entertainment","10":"tag-entretenimento","11":"tag-filmes-e-series","12":"tag-portugal","13":"tag-pt","14":"tag-stranger-things","15":"tag-tv"},"share_on_mastodon":{"url":"https:\/\/pubeurope.com\/@pt\/115667349450435616","error":""},"_links":{"self":[{"href":"https:\/\/www.europesays.com\/pt\/wp-json\/wp\/v2\/posts\/176657","targetHints":{"allow":["GET"]}}],"collection":[{"href":"https:\/\/www.europesays.com\/pt\/wp-json\/wp\/v2\/posts"}],"about":[{"href":"https:\/\/www.europesays.com\/pt\/wp-json\/wp\/v2\/types\/post"}],"author":[{"embeddable":true,"href":"https:\/\/www.europesays.com\/pt\/wp-json\/wp\/v2\/users\/2"}],"replies":[{"embeddable":true,"href":"https:\/\/www.europesays.com\/pt\/wp-json\/wp\/v2\/comments?post=176657"}],"version-history":[{"count":0,"href":"https:\/\/www.europesays.com\/pt\/wp-json\/wp\/v2\/posts\/176657\/revisions"}],"wp:featuredmedia":[{"embeddable":true,"href":"https:\/\/www.europesays.com\/pt\/wp-json\/wp\/v2\/media\/176658"}],"wp:attachment":[{"href":"https:\/\/www.europesays.com\/pt\/wp-json\/wp\/v2\/media?parent=176657"}],"wp:term":[{"taxonomy":"category","embeddable":true,"href":"https:\/\/www.europesays.com\/pt\/wp-json\/wp\/v2\/categories?post=176657"},{"taxonomy":"post_tag","embeddable":true,"href":"https:\/\/www.europesays.com\/pt\/wp-json\/wp\/v2\/tags?post=176657"}],"curies":[{"name":"wp","href":"https:\/\/api.w.org\/{rel}","templated":true}]}}