{"id":176661,"date":"2025-12-05T14:09:26","date_gmt":"2025-12-05T14:09:26","guid":{"rendered":"https:\/\/www.europesays.com\/pt\/176661\/"},"modified":"2025-12-05T14:09:26","modified_gmt":"2025-12-05T14:09:26","slug":"lesao-de-luuk-de-jong-pode-dar-oportunidade-a-um-jogador-jovem","status":"publish","type":"post","link":"https:\/\/www.europesays.com\/pt\/176661\/","title":{"rendered":"les\u00e3o de Luuk de Jong pode dar oportunidade a um jogador jovem"},"content":{"rendered":"<p>&#8211; Advertisement &#8211;<\/p>\n<p>O FC Porto nos pr\u00f3ximos meses vai contar com Samu Aghehowa e Deniz Gul para a posi\u00e7\u00e3o de ponta de lan\u00e7a, <a href=\"https:\/\/bolanarede.pt\/especial-bola-na-rede\/atualidade\/atencao-fc-porto-ja-se-sabe-qual-e-a-lesao-de-luuk-de-jong\/\" target=\"_blank\" rel=\"noreferrer noopener nofollow\">j\u00e1 que Luuk de Jong ficar\u00e1 fora de competi\u00e7\u00e3o nos pr\u00f3ximos meses<\/a>, j\u00e1 que est\u00e1 a contas com uma rotura do ligamento cruzado anterior.<\/p>\n<p>Francesco Farioli poder\u00e1 assim promover um jogador ao plantel principal, mesmo que seja somente os treinos da equipa, habituada a contar com tr\u00eas alternativas. Existem alguns nomes que podem subir aos A\u2019s.<\/p>\n<p>Leonardo Vonic tem 22 anos e atua na equipa B, onde soma nove encontros com uma assist\u00eancia. Chegou ao Drag\u00e3o a meio da \u00faltima temporada e convenceu os cr\u00edticos, com 12 jogos e sete tentos. Quem tamb\u00e9m \u00e9 orientado por Jo\u00e3o Brand\u00e3o \u00e9 Trofim Melnichenko, bielorrusso de 19 anos. O ponta de lan\u00e7a tem sido titular nas \u00faltimas partidas e em 2025\/26 soma 10 encontros e dois golos.<\/p>\n<p>J\u00e1 nos juniores, existem dois nomes em destaque. <a href=\"https:\/\/bolanarede.pt\/especial-bola-na-rede\/atualidade\/fc-porto-olha-para-o-futuro-e-quer-segurar-goleador\/\" target=\"_blank\" rel=\"noreferrer noopener nofollow\">Eduardo Ferreira tem sido apontado como o futuro ponta de lan\u00e7a<\/a> do FC Porto, apesar de ter 17 anos. Na presente \u00e9poca leva 15 jogos, 16 golos e uma assist\u00eancia. Anh\u00e1 Cand\u00e9 \u00e9 outro avan\u00e7ado que integra o escal\u00e3o.<\/p>\n<p>Ainda assim, os seus n\u00fameros s\u00e3o mais t\u00edmidos que os do colega. Leva oito desafios e um golo, sendo que j\u00e1 foi op\u00e7\u00e3o no FC Porto B em tr\u00eas jogos, mas ainda n\u00e3o se estreou a marcar. Tem 18 anos. <\/p>\n","protected":false},"excerpt":{"rendered":"&#8211; Advertisement &#8211; O FC Porto nos pr\u00f3ximos meses vai contar com Samu Aghehowa e Deniz Gul para&hellip;\n","protected":false},"author":2,"featured_media":176662,"comment_status":"","ping_status":"","sticky":false,"template":"","format":"standard","meta":{"footnotes":""},"categories":[87],"tags":[260,135,478,282,32,479,33,134],"class_list":{"0":"post-176661","1":"post","2":"type-post","3":"status-publish","4":"format-standard","5":"has-post-thumbnail","7":"category-desporto","8":"tag-atualidade","9":"tag-desporto","10":"tag-destaques-bnr","11":"tag-fc-porto","12":"tag-portugal","13":"tag-primeira-liga","14":"tag-pt","15":"tag-sports"},"share_on_mastodon":{"url":"https:\/\/pubeurope.com\/@pt\/115667361204198838","error":""},"_links":{"self":[{"href":"https:\/\/www.europesays.com\/pt\/wp-json\/wp\/v2\/posts\/176661","targetHints":{"allow":["GET"]}}],"collection":[{"href":"https:\/\/www.europesays.com\/pt\/wp-json\/wp\/v2\/posts"}],"about":[{"href":"https:\/\/www.europesays.com\/pt\/wp-json\/wp\/v2\/types\/post"}],"author":[{"embeddable":true,"href":"https:\/\/www.europesays.com\/pt\/wp-json\/wp\/v2\/users\/2"}],"replies":[{"embeddable":true,"href":"https:\/\/www.europesays.com\/pt\/wp-json\/wp\/v2\/comments?post=176661"}],"version-history":[{"count":0,"href":"https:\/\/www.europesays.com\/pt\/wp-json\/wp\/v2\/posts\/176661\/revisions"}],"wp:featuredmedia":[{"embeddable":true,"href":"https:\/\/www.europesays.com\/pt\/wp-json\/wp\/v2\/media\/176662"}],"wp:attachment":[{"href":"https:\/\/www.europesays.com\/pt\/wp-json\/wp\/v2\/media?parent=176661"}],"wp:term":[{"taxonomy":"category","embeddable":true,"href":"https:\/\/www.europesays.com\/pt\/wp-json\/wp\/v2\/categories?post=176661"},{"taxonomy":"post_tag","embeddable":true,"href":"https:\/\/www.europesays.com\/pt\/wp-json\/wp\/v2\/tags?post=176661"}],"curies":[{"name":"wp","href":"https:\/\/api.w.org\/{rel}","templated":true}]}}