{"id":176681,"date":"2025-12-05T14:23:27","date_gmt":"2025-12-05T14:23:27","guid":{"rendered":"https:\/\/www.europesays.com\/pt\/176681\/"},"modified":"2025-12-05T14:23:27","modified_gmt":"2025-12-05T14:23:27","slug":"gp-abu-dhabi-f1-lando-norris-lidera-tl1","status":"publish","type":"post","link":"https:\/\/www.europesays.com\/pt\/176681\/","title":{"rendered":"GP Abu Dhabi F1: Lando Norris lidera TL1"},"content":{"rendered":"<p>Lando Norris terminou a primeira sess\u00e3o de treinos com o melhor tempo, com Max Verstappen a ficar a apenas 0,008 segundos do registo do piloto da McLaren. O primeiro ensaio deu equil\u00edbrio no topo da tabela.<\/p>\n<p>O fim de semana mais esperado do ano chegou. Num campeonato que prometia ficar decidido muito cedo, a hist\u00f3ria foi contada de forma surpreendentemente diferente e chegamos \u00e0 \u00faltima jornada do ano com tr\u00eas candidatos ao t\u00edtulo. \u00c9 preciso recuar at\u00e9 2010 para ter mais do que dos candidatos ao t\u00edtulo em disputa na \u00faltima ronda do ano.<\/p>\n<p>Com 0% de probabilidade de chuva para o resto do fim de semana, o TL1 come\u00e7ava com 27\u202f\u00b0C de temperatura do ar e 35\u202f\u00b0C de temperatura no solo. Havia algumas novidades para este treino. A primeira e a mais significativa era a aus\u00eancia de Oscar Piastri em pista, substitu\u00eddo por Pato O\u00b4Ward para a McLaren cumprir o n\u00famero de sa\u00eddas para a pista de estreantes. Tamb\u00e9m na Red Bull havia novidades, com Arvid Lindblad no lugar de Yuki Tsunoda.<\/p>\n<blockquote class=\"twitter-tweet\">\n<p lang=\"en\" dir=\"ltr\">Oscar watching closely from the pit wall <\/p>\n<p>Rookie Pato O&#8217;Ward has taken controls of his McLaren for this session <a href=\"https:\/\/twitter.com\/hashtag\/F1?src=hash&amp;ref_src=twsrc%5Etfw\" rel=\"nofollow noopener\" target=\"_blank\">#F1<\/a> <a href=\"https:\/\/twitter.com\/hashtag\/AbuDhabiGP?src=hash&amp;ref_src=twsrc%5Etfw\" rel=\"nofollow noopener\" target=\"_blank\">#AbuDhabiGP<\/a> <a href=\"https:\/\/t.co\/POb87MdhYr\" rel=\"nofollow\">pic.twitter.com\/POb87MdhYr<\/a><\/p>\n<p>\u2014 Formula 1 (@F1) <a href=\"https:\/\/twitter.com\/F1\/status\/1996876382341943340?ref_src=twsrc%5Etfw\" rel=\"nofollow noopener\" target=\"_blank\">December 5, 2025<\/a><\/p>\n<\/blockquote>\n<p>Arthur Leclerc, na Ferrari, fazia companhia ao seu irm\u00e3o, Charles, com Lewis Hamilton a ficar de fora neste treino. Mas havia ainda mais caras novas neste treino:<\/p>\n<p>Jak Crawford, Aston Martin (Lance Stroll); Cian Shields, Aston Martin (Fernando Alonso); Paul Aron, Alpine (Pierre Gasly); Luke Browning, Williams (Alex Albon); Ayumu Iwasa, Racing Bulls (Liam Lawson); Ryo Hirakawa, Haas (Esteban Ocon).<\/p>\n<p>A sess\u00e3o come\u00e7ou com Max Verstappen no topo da tabela, com um tempo no segundo 27, numa pista repleta de carros. <\/p>\n<p>As primeiras voltas mostraram uma pista ainda muito verde, com pouca ader\u00eancia, com os tempos a ca\u00edrem sucessivamente, e 15 minutos depois do arranque da sess\u00e3o, boa parte dos pilotos a rodar no segundo 25. Carlos Sainz, Isack Hadjar e Nico H\u00fclkenberg passaram pela lideran\u00e7a da tabela de tempos.<\/p>\n<p>A meio da sess\u00e3o, Verstappen liderava, j\u00e1 no segundo 24, seguido de George Russell, Kimi Antonelli, Nico H\u00fclkenberg e Isack Hadjar, numa altura em que os pneus macios surgiam para as primeiras simula\u00e7\u00f5es de qualifica\u00e7\u00e3o.<\/p>\n<blockquote class=\"twitter-tweet\">\n<p lang=\"es\" dir=\"ltr\">Iconic Yas Marina \ud83e\udd29<a href=\"https:\/\/twitter.com\/hashtag\/F1?src=hash&amp;ref_src=twsrc%5Etfw\" rel=\"nofollow noopener\" target=\"_blank\">#F1<\/a> <a href=\"https:\/\/twitter.com\/hashtag\/AbuDhabiGP?src=hash&amp;ref_src=twsrc%5Etfw\" rel=\"nofollow noopener\" target=\"_blank\">#AbuDhabiGP<\/a> <a href=\"https:\/\/t.co\/76FgdoiUyD\" rel=\"nofollow\">pic.twitter.com\/76FgdoiUyD<\/a><\/p>\n<p>\u2014 Formula 1 (@F1) <a href=\"https:\/\/twitter.com\/F1\/status\/1996887662511509677?ref_src=twsrc%5Etfw\" rel=\"nofollow noopener\" target=\"_blank\">December 5, 2025<\/a><\/p>\n<\/blockquote>\n<p>A 20 minutos do fim da sess\u00e3o, uma lata de uma bebida surgiu a meio da reta, na mesma altura em que Norris j\u00e1 se tinha instalado no topo da tabela, depois das voltas mais r\u00e1pidas deste primeiro treino.\u00a0Oliver Bearman, com problemas no seu monolugar, teve de terminar mais cedo os trabalhos, com Carlos Sainz a tamb\u00e9m ter algumas preocupa\u00e7\u00f5es com o seu Williams <\/p>\n<p>Max Verstappen come\u00e7ou a queixar-se de problemas no seu monolugar j\u00e1 no fim da sess\u00e3o, sem definir especificamente o problema, pouco antes de Charles Leclerc fazer um pi\u00e3o na curva 5. <\/p>\n<p>A sess\u00e3o chegou ao fim sem grandes motivos de destaque. Lando Norris ficou com o melhor tempo (1:24.485), seguido de Max Verstappen (que se queixou de problemas no carro) e Charles Leclerc (que pareceu chocado com a falta de ritmo em simula\u00e7\u00e3o de corrida). Kimi Antonelli ficou com o quarto tempo e Nico Hulkenberg fechou o top 5. O melhor dos estreantes foi  Ryo Hirakawa, em 11\u00ba, com Aron em 13\u00ba, O\u00b4Ward em 14\u00ba, Lindblad em 15\u00ba, Arthur Lelerc em 16\u00ba, Iwasa em 17\u00ba, Browning em 19 e a dupla da Aston Martin no fundo da tabela de tempos. <\/p>\n<blockquote class=\"twitter-tweet\">\n<p lang=\"en\" dir=\"ltr\">Our final FP1 top three of the season \ud83d\udc40<\/p>\n<p>\ud83e\udd47 Norris<\/p>\n<p>\ud83e\udd48 Verstappen<\/p>\n<p>\ud83e\udd49 Leclerc <a href=\"https:\/\/twitter.com\/hashtag\/F1?src=hash&amp;ref_src=twsrc%5Etfw\" rel=\"nofollow noopener\" target=\"_blank\">#F1<\/a> <a href=\"https:\/\/twitter.com\/hashtag\/AbuDhabiGP?src=hash&amp;ref_src=twsrc%5Etfw\" rel=\"nofollow noopener\" target=\"_blank\">#AbuDhabiGP<\/a> <a href=\"https:\/\/t.co\/Veevd0lNKs\" rel=\"nofollow\">pic.twitter.com\/Veevd0lNKs<\/a><\/p>\n<p>\u2014 Formula 1 (@F1) <a href=\"https:\/\/twitter.com\/F1\/status\/1996891270489559412?ref_src=twsrc%5Etfw\" rel=\"nofollow noopener\" target=\"_blank\">December 5, 2025<\/a><\/p>\n<\/blockquote>\n<p><img loading=\"lazy\" decoding=\"async\" width=\"678\" height=\"1522\" data-lazy-type=\"image\" src=\"https:\/\/www.europesays.com\/pt\/wp-content\/uploads\/2025\/12\/g7ziug-wuaadpso.jpg\" alt=\"\" class=\"lazy lazy-hidden wp-image-736950\"\/><br \/>\n\t\t\t<script async src=\"https:\/\/platform.twitter.com\/widgets.js\" charset=\"utf-8\"><\/script><\/p>\n","protected":false},"excerpt":{"rendered":"Lando Norris terminou a primeira sess\u00e3o de treinos com o melhor tempo, com Max Verstappen a ficar a&hellip;\n","protected":false},"author":2,"featured_media":176682,"comment_status":"","ping_status":"","sticky":false,"template":"","format":"standard","meta":{"footnotes":""},"categories":[87],"tags":[135,1162,970,971,36188,5020,32,33,134,36616],"class_list":{"0":"post-176681","1":"post","2":"type-post","3":"status-publish","4":"format-standard","5":"has-post-thumbnail","7":"category-desporto","8":"tag-desporto","9":"tag-destaque-homepage","10":"tag-f1","11":"tag-formula-1","12":"tag-gp-abu-dhabi","13":"tag-lando-norris","14":"tag-portugal","15":"tag-pt","16":"tag-sports","17":"tag-tl1"},"share_on_mastodon":{"url":"https:\/\/pubeurope.com\/@pt\/115667416812923278","error":""},"_links":{"self":[{"href":"https:\/\/www.europesays.com\/pt\/wp-json\/wp\/v2\/posts\/176681","targetHints":{"allow":["GET"]}}],"collection":[{"href":"https:\/\/www.europesays.com\/pt\/wp-json\/wp\/v2\/posts"}],"about":[{"href":"https:\/\/www.europesays.com\/pt\/wp-json\/wp\/v2\/types\/post"}],"author":[{"embeddable":true,"href":"https:\/\/www.europesays.com\/pt\/wp-json\/wp\/v2\/users\/2"}],"replies":[{"embeddable":true,"href":"https:\/\/www.europesays.com\/pt\/wp-json\/wp\/v2\/comments?post=176681"}],"version-history":[{"count":0,"href":"https:\/\/www.europesays.com\/pt\/wp-json\/wp\/v2\/posts\/176681\/revisions"}],"wp:featuredmedia":[{"embeddable":true,"href":"https:\/\/www.europesays.com\/pt\/wp-json\/wp\/v2\/media\/176682"}],"wp:attachment":[{"href":"https:\/\/www.europesays.com\/pt\/wp-json\/wp\/v2\/media?parent=176681"}],"wp:term":[{"taxonomy":"category","embeddable":true,"href":"https:\/\/www.europesays.com\/pt\/wp-json\/wp\/v2\/categories?post=176681"},{"taxonomy":"post_tag","embeddable":true,"href":"https:\/\/www.europesays.com\/pt\/wp-json\/wp\/v2\/tags?post=176681"}],"curies":[{"name":"wp","href":"https:\/\/api.w.org\/{rel}","templated":true}]}}