{"id":176693,"date":"2025-12-05T14:32:14","date_gmt":"2025-12-05T14:32:14","guid":{"rendered":"https:\/\/www.europesays.com\/pt\/176693\/"},"modified":"2025-12-05T14:32:14","modified_gmt":"2025-12-05T14:32:14","slug":"renato-lombardi-abre-bau-de-fotos-antigas-e-leva-fas-a-loucura-amamos-voce-record","status":"publish","type":"post","link":"https:\/\/www.europesays.com\/pt\/176693\/","title":{"rendered":"Renato Lombardi abre ba\u00fa de fotos antigas e leva f\u00e3s \u00e0 loucura: \u2018Amamos voc\u00ea!\u2019 \u2013 Record"},"content":{"rendered":"<p><img decoding=\"async\" data-chromatic=\"ignore\" alt=\"\" class=\"c-image\" loading=\"lazy\" src=\"https:\/\/www.europesays.com\/pt\/wp-content\/uploads\/2025\/12\/WTLI3N3YJJBO5JMI3AHM3TLLZM.png\"  width=\"677\" height=\"369\"\/>Renato Lombardi em fotos nost\u00e1lgicas nas redes sociais Reprodu\u00e7\u00e3o\/Instagram <\/p>\n<p class=\"jarvics:base-text-neutral-high-400 base-text-[calc(theme(fontSize.xs)_*_var(--font-size,_1))] base-font-normal base-font-primary base-text-neutral-low-500 base-text-left\">Quem v\u00ea hoje em dia nem pensa que ele j\u00e1 foi cabeludo! O comentarista do <a href=\"https:\/\/record.r7.com\/balanco-geral\/\" target=\"_self\" rel=\"nofollow noopener\" title=\"https:\/\/record.r7.com\/balanco-geral\/\"><b>Balan\u00e7o Geral<\/b><\/a>, Renato Lombardi, compartilhou fotos nost\u00e1lgicas nas redes sociais e encantou os seguidores com as lembran\u00e7as. <\/p>\n<p class=\"jarvics:base-text-neutral-high-400 base-text-[calc(theme(fontSize.xs)_*_var(--font-size,_1))] base-font-normal base-font-primary base-text-neutral-low-500 base-text-left\">Entre elogios e brincadeiras, o jornalista recebeu muito carinho nos coment\u00e1rios. Uma seguidora escreveu: \u201cAmamos voc\u00ea, Lombardi. Que legal ver suas fotos\u201d.<\/p>\n<p class=\"jarvics:base-text-neutral-high-400 base-text-[calc(theme(fontSize.xs)_*_var(--font-size,_1))] base-font-normal base-font-primary base-text-neutral-low-500 base-text-left\">Uma f\u00e3 do brasileiro-italiano declarou admirada: \u201cQuantas mem\u00f3rias voc\u00ea t\u00eam, sua trajet\u00f3ria \u00e9 impec\u00e1vel! Temos o privil\u00e9gio de te acompanhar todos os dias\u201d.<\/p>\n<p class=\"jarvics:base-text-neutral-high-400 base-text-[calc(theme(fontSize.xs)_*_var(--font-size,_1))] base-font-normal base-font-primary base-text-neutral-low-500 base-text-left\">Surpresa com a cabeleira, outra seguidora brincou: \u201cInacredit\u00e1vel olhar o Lombardi com tanto cabelo. Estiloso\u201d.<\/p>\n<p><b>Confira a publica\u00e7\u00e3o:<\/b><\/p>\n<p class=\"jarvics:base-text-neutral-high-400 base-text-[calc(theme(fontSize.xs)_*_var(--font-size,_1))] base-font-normal base-font-primary base-text-neutral-low-500 base-text-left\">O <a href=\"https:\/\/record.r7.com\/balanco-geral\/\" target=\"_self\" rel=\"nofollow noopener\" title=\"https:\/\/record.r7.com\/balanco-geral\/\"><b>Balan\u00e7o Geral<\/b><\/a> vai ao ar de segunda a sexta, a partir das 11h50, na tela da <a href=\"https:\/\/record.r7.com\/\" target=\"_self\" rel=\"nofollow noopener\" title=\"https:\/\/record.r7.com\/\"><b>RECORD<\/b><\/a>.<\/p>\n","protected":false},"excerpt":{"rendered":"Renato Lombardi em fotos nost\u00e1lgicas nas redes sociais Reprodu\u00e7\u00e3o\/Instagram Quem v\u00ea hoje em dia nem pensa que ele&hellip;\n","protected":false},"author":2,"featured_media":176694,"comment_status":"","ping_status":"","sticky":false,"template":"","format":"standard","meta":{"footnotes":""},"categories":[145],"tags":[3730,211,210,114,115,32,33,36617],"class_list":{"0":"post-176693","1":"post","2":"type-post","3":"status-publish","4":"format-standard","5":"has-post-thumbnail","7":"category-celebridades","8":"tag-balanco-geral","9":"tag-celebridades","10":"tag-celebrities","11":"tag-entertainment","12":"tag-entretenimento","13":"tag-portugal","14":"tag-pt","15":"tag-renato-lombardi"},"share_on_mastodon":{"url":"https:\/\/pubeurope.com\/@pt\/115667451623942622","error":""},"_links":{"self":[{"href":"https:\/\/www.europesays.com\/pt\/wp-json\/wp\/v2\/posts\/176693","targetHints":{"allow":["GET"]}}],"collection":[{"href":"https:\/\/www.europesays.com\/pt\/wp-json\/wp\/v2\/posts"}],"about":[{"href":"https:\/\/www.europesays.com\/pt\/wp-json\/wp\/v2\/types\/post"}],"author":[{"embeddable":true,"href":"https:\/\/www.europesays.com\/pt\/wp-json\/wp\/v2\/users\/2"}],"replies":[{"embeddable":true,"href":"https:\/\/www.europesays.com\/pt\/wp-json\/wp\/v2\/comments?post=176693"}],"version-history":[{"count":0,"href":"https:\/\/www.europesays.com\/pt\/wp-json\/wp\/v2\/posts\/176693\/revisions"}],"wp:featuredmedia":[{"embeddable":true,"href":"https:\/\/www.europesays.com\/pt\/wp-json\/wp\/v2\/media\/176694"}],"wp:attachment":[{"href":"https:\/\/www.europesays.com\/pt\/wp-json\/wp\/v2\/media?parent=176693"}],"wp:term":[{"taxonomy":"category","embeddable":true,"href":"https:\/\/www.europesays.com\/pt\/wp-json\/wp\/v2\/categories?post=176693"},{"taxonomy":"post_tag","embeddable":true,"href":"https:\/\/www.europesays.com\/pt\/wp-json\/wp\/v2\/tags?post=176693"}],"curies":[{"name":"wp","href":"https:\/\/api.w.org\/{rel}","templated":true}]}}