{"id":176717,"date":"2025-12-05T14:54:19","date_gmt":"2025-12-05T14:54:19","guid":{"rendered":"https:\/\/www.europesays.com\/pt\/176717\/"},"modified":"2025-12-05T14:54:19","modified_gmt":"2025-12-05T14:54:19","slug":"estreias-do-streaming-tem-jay-kelly-com-george-clooney-e-novo-de-aronofsky-saiba-o-que-assistir","status":"publish","type":"post","link":"https:\/\/www.europesays.com\/pt\/176717\/","title":{"rendered":"Estreias do streaming t\u00eam \u2018Jay Kelly\u2019, com George Clooney, e novo de Aronofsky; saiba o que assistir"},"content":{"rendered":"<p data-component-name=\"paragraph\" class=\"styles__ParagraphStyled-sc-6adecn-0 gsLklW  \">Com o aguardado retorno de uma s\u00e9rie \u00e9pica a filme que pode render nova indica\u00e7\u00e3o ao Oscar para <strong>George Clooney<\/strong>, a pr\u00f3xima semana est\u00e1 cheia de grandes estreias nas principais plataformas de streaming. Adapta\u00e7\u00e3o da saga liter\u00e1ria de <strong>Rick Riordan<\/strong>, <strong>Percy Jackson e Os Olimpianos<\/strong> retorna para a sua segunda temporada no Disney+, enquanto <strong>Jay Kelly<\/strong>, novo longa de <strong>Noah Baumbach<\/strong>, chega ao cat\u00e1logo da Netflix.<\/p>\n<p data-component-name=\"paragraph\" class=\"styles__ParagraphStyled-sc-6adecn-0 gsLklW  \">Novo k-drama do Prime Video, <strong>Talvez Amanh\u00e3<\/strong> promete prender os f\u00e3s de produ\u00e7\u00f5es coreanas com uma hist\u00f3ria de amor que renasce em meio a uma crise. Na HBO Max, <strong>Ladr\u00f5es<\/strong>, novo thriller policial de <strong>Darren Aronofsky<\/strong> com <strong>Austin Butler<\/strong> e <strong>Zo\u00eb Kravitz<\/strong> \u00e9 destaque.<\/p>\n<p data-component-name=\"paragraph\" class=\"styles__ParagraphStyled-sc-6adecn-0 gsLklW  \">Confira abaixo os principais lan\u00e7amentos no streaming entre 4 e 10 dezembro:<\/p>\n<p>Os Abandonados <\/p>\n<p data-component-name=\"paragraph\" class=\"styles__ParagraphStyled-sc-6adecn-0 gsLklW  \">S\u00e9rie de faroeste estrelada por <strong>Lena Headey<\/strong> (Game of Thrones) e <strong>Gillian Anderson<\/strong> (Tron: Ares), <strong>Os Abandonados<\/strong> narra a hist\u00f3ria de duas matriarcas em situa\u00e7\u00f5es econ\u00f4micas opostas lutando pela supremacia de uma fronteira no velho oeste estadunidense no meio do s\u00e9culo 19.<\/p>\n<p data-component-name=\"paragraph\" class=\"styles__ParagraphStyled-sc-6adecn-0 gsLklW  \">Os Abandonados estreia em 4 de dezembro na Netflix.<\/p>\n<p>F\u00e9 nos Neg\u00f3cios &#8211; 2\u00aa temporada<\/p>\n<p><img  loading=\"lazy\" class=\"lazy-load-img\"\/><\/p>\n<p>S\u00e9rie tailandesa da Netflix, &#8216;F\u00e9 nos Neg\u00f3cios&#8217; retorna para uma 2\u00aa temporada\u00a0Foto:  Netflix\/Divulga\u00e7\u00e3o<\/p>\n<p data-component-name=\"paragraph\" class=\"styles__ParagraphStyled-sc-6adecn-0 gsLklW  \">Ap\u00f3s terem seus esquemas expostos pela pol\u00edcia, Win (<strong>Teeradon Supapunpinyo<\/strong>), Dear (<strong>Achiraya Nitibhon<\/strong>) e Game (<strong>Pachara Chirathivat<\/strong>) retornam para tentar manter sua inescrupulosa explora\u00e7\u00e3o da f\u00e9 e escapar da mis\u00e9ria.<\/p>\n<p data-component-name=\"paragraph\" class=\"styles__ParagraphStyled-sc-6adecn-0 gsLklW  \">A segunda temporada de <strong>F\u00e9 nos Neg\u00f3cios<\/strong> estreia em 4 de dezembro na Netflix.<\/p>\n<p>Ladr\u00f5es <\/p>\n<p data-component-name=\"paragraph\" class=\"styles__ParagraphStyled-sc-6adecn-0 gsLklW  \">Um barman (Butler) se envolve em uma perigosa briga entre grupos mafiosos de Nova York ap\u00f3s aceitar cuidar do gato de seu vizinho (<strong>Matt Smith<\/strong>). Com criminosos judeus, portorriquenhos e russos \u00e0 sua cola, ele precisa sobreviver \u00e0 viol\u00eancia do submundo criminoso da cidade.<\/p>\n<p data-component-name=\"paragraph\" class=\"styles__ParagraphStyled-sc-6adecn-0 gsLklW  \">Ladr\u00f5es estreia em 5 de dezembro na HBO Max.<\/p>\n<p>Jay Kelly<\/p>\n<p class=\"headlines\">Confira o trailer de &#8216;Jay Kelly&#8217;<\/p>\n<p>2:55<\/p>\n<p><img  loading=\"lazy\" class=\"thumb lazy-load-img\"\/><\/p>\n<p class=\"description\">&#8216;Jay Kelly&#8217; estreia em 5 de dezembro na Netflix.  Cr\u00e9dito: Netflix Brasil via YouTube\/Reprodu\u00e7\u00e3o<\/p>\n<p>Jay Kelly (Clooney), um ator em decad\u00eancia, viaja pela Europa ao lado de seu leal empres\u00e1rio (<strong>Adam Sandler<\/strong>) em uma jornada para tentar manter seu legado vivo no imagin\u00e1rio popular.<\/p>\n<p data-component-name=\"paragraph\" class=\"styles__ParagraphStyled-sc-6adecn-0 gsLklW  \">Jay Kelly estreia em 5 de dezembro na Netflix.<\/p>\n<p data-component-name=\"paragraph\" class=\"styles__ParagraphStyled-sc-6adecn-0 gsLklW  \">Anos depois de serem separados, o jornalista Kyeong-do (<strong>Park Seo-joon<\/strong>) e a ex-namorada Ji-woo (<strong>Won Ji-an<\/strong>) se reencontram. O problema \u00e9 que ele, agora, trabalha numa mat\u00e9ria que investiga um esc\u00e2ndalo envolvendo o atual marido da amada. Em meio \u00e0 essa turbul\u00eancia, os dois come\u00e7am a desenterrar os sentimentos do passado.<\/p>\n<p data-component-name=\"paragraph\" class=\"styles__ParagraphStyled-sc-6adecn-0 gsLklW  \">Talvez Amanh\u00e3 estreia em 6 de dezembro no Prime Video.<\/p>\n<p>Pro Bono <\/p>\n<p data-component-name=\"paragraph\" class=\"styles__ParagraphStyled-sc-6adecn-0 gsLklW  \">Ap\u00f3s ter sua vida virada do avesso, um renomado juiz da Cor\u00e9ia do Sul (<strong>Jung Kyung-ho<\/strong>) passa a integrar uma equipe pro bono de uma grande firma de advocacia. L\u00e1, ele encontra um novo prop\u00f3sito.<\/p>\n<p data-component-name=\"paragraph\" class=\"styles__ParagraphStyled-sc-6adecn-0 gsLklW  \">Pro Bono estreia em 6 de dezembro na Netflix, com novos epis\u00f3dios estreando semanalmente.<\/p>\n<p>Champagne <\/p>\n<p data-component-name=\"paragraph\" class=\"styles__ParagraphStyled-sc-6adecn-0 gsLklW  \">13 anos depois da morte de uma empregada dom\u00e9stica em uma mans\u00e3o, o gar\u00e7om Gast\u00e3o (<strong>Sebasti\u00e3o Vasconcelos<\/strong>) principal acusado do crime, tenta limpar seu nome com a ajuda do filho. Sua busca revela diversos potenciais suspeitos, incluindo amigos dos donos da casa e alguns ladr\u00f5es de joias.<\/p>\n<p data-component-name=\"paragraph\" class=\"styles__ParagraphStyled-sc-6adecn-0 gsLklW  \">Escrita por <strong>Cassio Gabus Mendes<\/strong> e transmitida originalmente em 1983, <strong>Champagne<\/strong> chega em 8 de dezembro no Globoplay.<\/p>\n<p>Marselha em Perigo &#8211; 2\u00aa temporada<\/p>\n<p><img  loading=\"lazy\" class=\"lazy-load-img\"\/><\/p>\n<p>2\u00aa temporada do suspense policial &#8216;Marselha em Perigo&#8217; estreia em dezembro na Netflix\u00a0Foto:  Netflix\/Divulga\u00e7\u00e3o<\/p>\n<p data-component-name=\"paragraph\" class=\"styles__ParagraphStyled-sc-6adecn-0 gsLklW  \">As for\u00e7as policiais da cidade francesa de Marselha precisam correr contra o tempo para encontrar um perigoso criminoso, que amea\u00e7a causar um banho de sangue.<\/p>\n<p data-component-name=\"paragraph\" class=\"styles__ParagraphStyled-sc-6adecn-0 gsLklW  \">A segunda temporada de <strong>Marselha em Perigo<\/strong> estreia em 9 de dezembro na Netflix.<\/p>\n<p>NOS4A2 <\/p>\n<p data-component-name=\"paragraph\" class=\"styles__ParagraphStyled-sc-6adecn-0 gsLklW  \">Ap\u00f3s descobrir uma sensibilidade para eventos paranormais, a jovem Vic (<strong>Ashleigh Cummings<\/strong>) come\u00e7a a investigar o misterioso e charmoso Charlie Manx (<strong>Zachary Quinto<\/strong>), um ser imortal que se alimenta das almas de crian\u00e7as, prendendo suas consci\u00eancias em um bizarro mundo onde a infelicidade \u00e9 proibida.<\/p>\n<p data-component-name=\"paragraph\" class=\"styles__ParagraphStyled-sc-6adecn-0 gsLklW  \">Transmitida originalmente entre 2019 e 2020, <strong>NOS4A2<\/strong> chega em 10 de dezembro ao cat\u00e1logo da Netflix.<\/p>\n<p>Merv <\/p>\n<p data-component-name=\"paragraph\" class=\"styles__ParagraphStyled-sc-6adecn-0 gsLklW  \">Ap\u00f3s Anna (<strong>Zooey Deschanel<\/strong>) e Russ (<strong>Charlie Cox<\/strong>) se separarem, o cachorro do ex-casal, Merv, \u00e9 diagnosticado com depress\u00e3o por n\u00e3o conviver mais com os dois juntos. Tentando animar o mascote, os dois decidem sair em uma viagem de fim de ano, o que os leva a uma inesperada reconex\u00e3o.<\/p>\n<p data-component-name=\"paragraph\" class=\"styles__ParagraphStyled-sc-6adecn-0 gsLklW  \"><strong>Merv<\/strong> estreia em 10 de dezembro no Prime Video.<\/p>\n<p>Percy Jackson e os Olimpianos \u2013 2\u00aa temporada<\/p>\n<p class=\"headlines\">Confira o novo trailer da 2\u00aa temporada de &#8216;Percy Jackson e os Olimpianos&#8217;<\/p>\n<p>2:32<\/p>\n<p><img  loading=\"lazy\" class=\"thumb lazy-load-img\"\/><\/p>\n<p class=\"description\">2\u00aa temporada de &#8216;Percy Jackson e os Olimpianos&#8217; estreia em 10 de dezembro, com dois epis\u00f3dios.  Cr\u00e9dito: Disney+ Brasil via YouTube\/Divulga\u00e7\u00e3o<\/p>\n<p data-component-name=\"paragraph\" class=\"styles__ParagraphStyled-sc-6adecn-0 gsLklW  \">De volta ao Acampamento Meio-Sangue, Percy (<strong>Walker Scobell<\/strong>) e Annabeth (<strong>Leah Sava\u2019 Jeffries<\/strong>) partem em uma busca mar\u00edtima para encontrar Grover (<strong>Aryan Simhadri<\/strong>) e uma rel\u00edquia divina que pode salvar o retiro dos semideuses.<\/p>\n<p data-component-name=\"paragraph\" class=\"styles__ParagraphStyled-sc-6adecn-0 gsLklW  \">Os dois primeiros epis\u00f3dios da segunda temporada de Percy Jackson e os Olimpianos estreiam em 10 de dezembro no Disney+, como novos cap\u00edtulos sendo lan\u00e7ados semanalmente \u00e0s quartas-feiras.<\/p>\n","protected":false},"excerpt":{"rendered":"Com o aguardado retorno de uma s\u00e9rie \u00e9pica a filme que pode render nova indica\u00e7\u00e3o ao Oscar para&hellip;\n","protected":false},"author":2,"featured_media":176718,"comment_status":"","ping_status":"","sticky":false,"template":"","format":"standard","meta":{"footnotes":""},"categories":[140],"tags":[14556,470,114,115,147,148,14555,146,716,32,33,1711],"class_list":{"0":"post-176717","1":"post","2":"type-post","3":"status-publish","4":"format-standard","5":"has-post-thumbnail","7":"category-filmes","8":"tag-adam-sandler","9":"tag-cinema","10":"tag-entertainment","11":"tag-entretenimento","12":"tag-film","13":"tag-filmes","14":"tag-george-clooney","15":"tag-movies","16":"tag-netflix","17":"tag-portugal","18":"tag-pt","19":"tag-sample"},"share_on_mastodon":{"url":"https:\/\/pubeurope.com\/@pt\/115667538090460005","error":""},"_links":{"self":[{"href":"https:\/\/www.europesays.com\/pt\/wp-json\/wp\/v2\/posts\/176717","targetHints":{"allow":["GET"]}}],"collection":[{"href":"https:\/\/www.europesays.com\/pt\/wp-json\/wp\/v2\/posts"}],"about":[{"href":"https:\/\/www.europesays.com\/pt\/wp-json\/wp\/v2\/types\/post"}],"author":[{"embeddable":true,"href":"https:\/\/www.europesays.com\/pt\/wp-json\/wp\/v2\/users\/2"}],"replies":[{"embeddable":true,"href":"https:\/\/www.europesays.com\/pt\/wp-json\/wp\/v2\/comments?post=176717"}],"version-history":[{"count":0,"href":"https:\/\/www.europesays.com\/pt\/wp-json\/wp\/v2\/posts\/176717\/revisions"}],"wp:featuredmedia":[{"embeddable":true,"href":"https:\/\/www.europesays.com\/pt\/wp-json\/wp\/v2\/media\/176718"}],"wp:attachment":[{"href":"https:\/\/www.europesays.com\/pt\/wp-json\/wp\/v2\/media?parent=176717"}],"wp:term":[{"taxonomy":"category","embeddable":true,"href":"https:\/\/www.europesays.com\/pt\/wp-json\/wp\/v2\/categories?post=176717"},{"taxonomy":"post_tag","embeddable":true,"href":"https:\/\/www.europesays.com\/pt\/wp-json\/wp\/v2\/tags?post=176717"}],"curies":[{"name":"wp","href":"https:\/\/api.w.org\/{rel}","templated":true}]}}