{"id":176719,"date":"2025-12-05T14:55:12","date_gmt":"2025-12-05T14:55:12","guid":{"rendered":"https:\/\/www.europesays.com\/pt\/176719\/"},"modified":"2025-12-05T14:55:12","modified_gmt":"2025-12-05T14:55:12","slug":"portugal-esta-na-final-no-mundial-de-futsal-feminino","status":"publish","type":"post","link":"https:\/\/www.europesays.com\/pt\/176719\/","title":{"rendered":"Portugal est\u00e1 na final no Mundial de futsal feminino"},"content":{"rendered":"<p>&#13;<br \/>\nA partir da\u00ed a equipa das quinas desmontou ainda mais a t\u00e1tica das argentinas, com uma forte press\u00e3o sobre as advers\u00e1rias.&#13;\n<\/p>\n<p>&#13;<br \/>\n<br \/>&#13;<br \/>\nA meia-final desta sexta-feira fica para a hist\u00f3ria da competi\u00e7\u00e3o e coloca Portugal perto do ouro, no primeiro Campeonato do Mundo da modalidade de futsal feminino.&#13;\n<\/p>\n<p>          <img decoding=\"async\" itemprop=\"image\" class=\"img-fluid\"   src=\"https:\/\/www.europesays.com\/pt\/wp-content\/uploads\/2025\/12\/d8c88166faa182984c30f7ce67581f35_N.jpg\"\/><\/p>\n<p>&#13;<br \/>\n<b>&#13;<br \/>\nPortugal vai agora enfrentar o Brasil que ganhou \u00e0 Espanha por 1-4. Uma final, marcada para domigo, em l\u00edngua portuguesa para ver no primeiro canal da RTP, a partir das 11h30.<\/b>Retrato do jogo Argentina &#8211; Portugal&#13;\n<\/p>\n<p>&#13;<br \/>\nA sele\u00e7\u00e3o feminina de futsal entrou bem nesta meia-final com um golo madrugador de L\u00eddia Moreira ao minuto 19, ap\u00f3s cruzamento de Carolina Pedreira.&#13;\n<\/p>\n<p>&#13;<br \/>\nO segundo golo surgiu por Fif\u00f3, depois do cruzamento de Maria para a jogadora lusa encostar junto ao segundo poste.&#13;\n<\/p>\n<p>&#13;<br \/>\nMas as jogadoras lusas queriam mais e pouco depois L\u00eddia Moreira bisa no encontro. O quarto e o quinto golos surgiram por Janice e Fif\u00f3.&#13;\n<\/p>\n<p>&#13;<br \/>\nO golo meia-d\u00fazia\u00a0 surge de um passe de Fif\u00f3 para Ana Azevedo, que com uma pequena simula\u00e7\u00e3o a duas jogadoras advers\u00e1rias termina com um chapelinho \u00e0 guarda-redes argentina.&#13;\n<\/p>\n<p>&#13;<br \/>\nA segunda parte come\u00e7a com duas faltas para a jogadora argentina Lucia Rossi, que acabou com um cart\u00e3o amarelo.&#13;\n<\/p>\n<p>&#13;<br \/>\nUm nervosismo que a sele\u00e7\u00e3o portuguesa aproveitou, voltando a marcar j\u00e1 na segunda parte, atrav\u00e9s de In\u00eas Matos, depois de um cruzamento de Janice vindo do corredor direito.&#13;\n<\/p>\n<p>&#13;<br \/>\nA press\u00e3o \u00e9 demonstrada por mais um cart\u00e3o amarelo para Luciana Natta, da Argentina, ao minuto 13 da segunda parte.Portugal ainda n\u00e3o viu um cart\u00e3o amarelo neste Mundial.&#13;<br \/>\n&#13;\n<\/p>\n<p>&#13;<br \/>\nPortugal, perante um resultado t\u00e3o dilatado, baixou um pouco a guarda e a Argentina marca o golo de honra ao minuto um. Este \u00e9 o quarto golo que a sele\u00e7\u00e3o nacional sofre neste campeonato.&#13;\n<\/p>\n<p>&#13;<br \/>\n<b>Com este resultado a medalha de prata j\u00e1 \u00e9 de Portugal. Falta agora conquistar o ouro.<\/b>&#13;\n<\/p>\n<p>&#13;<br \/>\nFelicidade e um orgulho em ser treinador destas meninas &#8211; Lu\u00eds Concei\u00e7\u00e3o<br \/>&#13;<br \/>\nO treinador da Sele\u00e7\u00e3o A de Futsal Feminino de Portugal, Lu\u00eds Concei\u00e7\u00e3o, fala num orgulho enorme em ser treinador da equipa feminina de Futsal.&#13;\n<\/p>\n<p>&#13;<br \/>\n<br \/>&#13;<br \/>\nConcei\u00e7\u00e3o fala num \u201ccompromisso incr\u00edvel\u201d associado \u00e0 \u201cqualidade\u201d que vai ajudando.&#13;\n<\/p>\n<p>&#13;<br \/>\n<br \/>&#13;<br \/>\n\u201cA continuar a ser assim temos muitas coisas boas pela frente\u201d, sublinha.&#13;\n<\/p>\n<p>\nTamb\u00e9m Janice, jogadora da Sele\u00e7\u00e3o A de Futsal, fala no enorme foco em que este grupo tem conseguido e agradece aos portugueses o apoio e honrar o s\u00edmbolo que traz ao peito.<br \/>\n          <img decoding=\"async\" itemprop=\"image\" class=\"img-fluid\"   src=\"https:\/\/www.europesays.com\/pt\/wp-content\/uploads\/2025\/12\/3c255767350ed4dda6a981acfaf5d3df_N.jpg\"\/><\/p>\n<p>\u201cFruto de um trabalho conjunto\u201d<br \/>&#13;<br \/>\n<br \/>&#13;<br \/>\nO feito desta sexta-feira foi fruto de &#8220;muito trabalho&#8221;, como real\u00e7ou Jos\u00e9 Gomes, vice-presidente da Federa\u00e7\u00e3o Portuguesa de Futebol, com o pelouro do futsal e futebol de praia. <\/p>\n<p>Em declara\u00e7\u00f5es ao Canal 11, o respons\u00e1vel destacou o papel decisivo de todo o ecossistema da modalidade: \u201cEste percurso \u00e9 fruto de um trabalho conjunto entre Federa\u00e7\u00e3o, clubes, associa\u00e7\u00f5es distritais e regionais, t\u00e9cnicos e atletas.\u201d&#13;\n<\/p>\n<p>&#13;<br \/>\nO dirigente sublinhou ainda a import\u00e2ncia hist\u00f3rica da prova ao referir que a modalidade portuguesa estava \u201cperante um momento hist\u00f3rico para o futsal feminino e para Portugal. O ganhar tem de estar sempre presente no nosso pensamento\u201d.&#13;\n<\/p>\n<p>Com uma equipa \u201cmoralizada\u201d e um forte esp\u00edrito de grupo, Portugal procura confirmar o estatuto de refer\u00eancia mundial no futsal, fruto de um trabalho sustentado e reconhecido pela FPF. <\/p>\n<p>\u201cO que queremos dar como pr\u00e9mio a todos os que contribu\u00edram \u00e9 estar nessa final e venc\u00ea-la\u201d, sublinhou Jos\u00e9 Gomes.&#13;\n            <\/p>\n","protected":false},"excerpt":{"rendered":"&#13; A partir da\u00ed a equipa das quinas desmontou ainda mais a t\u00e1tica das argentinas, com uma forte&hellip;\n","protected":false},"author":2,"featured_media":176720,"comment_status":"","ping_status":"","sticky":false,"template":"","format":"standard","meta":{"footnotes":""},"categories":[87],"tags":[2424,135,6289,3704,1831,36618,6027,32,33,4338,134],"class_list":{"0":"post-176719","1":"post","2":"type-post","3":"status-publish","4":"format-standard","5":"has-post-thumbnail","7":"category-desporto","8":"tag-argentina","9":"tag-desporto","10":"tag-feminino","11":"tag-final","12":"tag-futsal","13":"tag-meia-final","14":"tag-mundial","15":"tag-portugal","16":"tag-pt","17":"tag-selecao","18":"tag-sports"},"share_on_mastodon":{"url":"https:\/\/pubeurope.com\/@pt\/115667542200704973","error":""},"_links":{"self":[{"href":"https:\/\/www.europesays.com\/pt\/wp-json\/wp\/v2\/posts\/176719","targetHints":{"allow":["GET"]}}],"collection":[{"href":"https:\/\/www.europesays.com\/pt\/wp-json\/wp\/v2\/posts"}],"about":[{"href":"https:\/\/www.europesays.com\/pt\/wp-json\/wp\/v2\/types\/post"}],"author":[{"embeddable":true,"href":"https:\/\/www.europesays.com\/pt\/wp-json\/wp\/v2\/users\/2"}],"replies":[{"embeddable":true,"href":"https:\/\/www.europesays.com\/pt\/wp-json\/wp\/v2\/comments?post=176719"}],"version-history":[{"count":0,"href":"https:\/\/www.europesays.com\/pt\/wp-json\/wp\/v2\/posts\/176719\/revisions"}],"wp:featuredmedia":[{"embeddable":true,"href":"https:\/\/www.europesays.com\/pt\/wp-json\/wp\/v2\/media\/176720"}],"wp:attachment":[{"href":"https:\/\/www.europesays.com\/pt\/wp-json\/wp\/v2\/media?parent=176719"}],"wp:term":[{"taxonomy":"category","embeddable":true,"href":"https:\/\/www.europesays.com\/pt\/wp-json\/wp\/v2\/categories?post=176719"},{"taxonomy":"post_tag","embeddable":true,"href":"https:\/\/www.europesays.com\/pt\/wp-json\/wp\/v2\/tags?post=176719"}],"curies":[{"name":"wp","href":"https:\/\/api.w.org\/{rel}","templated":true}]}}