{"id":176721,"date":"2025-12-05T14:56:07","date_gmt":"2025-12-05T14:56:07","guid":{"rendered":"https:\/\/www.europesays.com\/pt\/176721\/"},"modified":"2025-12-05T14:56:07","modified_gmt":"2025-12-05T14:56:07","slug":"insa-alerta-que-portugal-entrou-em-fase-epidemica-de-gripe-com-tendencia-crescente","status":"publish","type":"post","link":"https:\/\/www.europesays.com\/pt\/176721\/","title":{"rendered":"INSA alerta que Portugal entrou em fase epid\u00e9mica de gripe com tend\u00eancia crescente"},"content":{"rendered":"<p>Segundo a investigadora, nas \u00faltimas duas a tr\u00eas semanas, observou-se \u201cum aumento do n\u00famero de casos confirmados laboratorialmente de infe\u00e7\u00e3o pelo v\u00edrus da gripe\u201d e reportados pela Rede de M\u00e9dicos Sentinela.<\/p>\n<p>O Boletim de Vigil\u00e2ncia Epidemiol\u00f3gica da Gripe e outros V\u00edrus Respirat\u00f3rios do Insa, divulgado esta sexta-feira, revela que na semana de 24 a 30 de novembro se observou um aumento na taxa de incid\u00eancia das infe\u00e7\u00f5es respirat\u00f3rias agudas graves em compara\u00e7\u00e3o com as semanas anteriores, atingindo 10,5 casos por 100.000 habitantes.<\/p>\n<p>Os grupos et\u00e1rios dos zero aos quatro anos e dos 65 ou mais anos foram os que apresentaram o maior aumento, com este \u00faltimo a apresentar o valor mais elevado.<\/p>\n<p>Nesta semana, foram admitidos 82 casos graves de infe\u00e7\u00e3o respirat\u00f3ria aguda nas Unidades Locais de Sa\u00fade (ULS) que reportaram dados, tendo sido reportados 10 internamentos em unidades de cuidados intensivos (UCI).<\/p>\n<p>\u201cTodos os casos tinham doen\u00e7a cr\u00f3nica subjacente e recomenda\u00e7\u00e3o para vacina\u00e7\u00e3o contra a gripe sazonal, tr\u00eas dos quais estavam vacinados. Nesta semana, a propor\u00e7\u00e3o da gripe em UCI foi de 6,0%, tendo aumentado face \u00e0 semana anterior (1,6%)\u201d, refere o boletim.<\/p>\n<p>Raquel Guiomar explicou que, normalmente, a gravidade da doen\u00e7a pode estar associada ao v\u00edrus que est\u00e1 a circular, mas muitas vezes tamb\u00e9m \u00e0s condi\u00e7\u00f5es individuais de cada doente.<\/p>\n<p>Sobre os v\u00edrus que est\u00e3o em circula\u00e7\u00e3o, a investigadora afirmou que os v\u00edrus que infetam a popula\u00e7\u00e3o humana s\u00e3o de dois tipos, A e B, sendo que nesta \u00e9poca est\u00e3o a circular essencialmente os do v\u00edrus influenza A.<\/p>\n<p>\u201cTemos vindo a detetar os dois subtipos do v\u00edrus da gripe do tipo A, quer o v\u00edrus AH1N1, quer o v\u00edrus AH3N2\u201d, havendo neste momento \u201cum ligeiro predom\u00ednio\u201d do AH1N1.<\/p>\n<p>No entanto, sublinhou, a co-circula\u00e7\u00e3o dos dois subtipos do v\u00edrus de influenza A pode vir a alterar-se nas pr\u00f3ximas semanas.<\/p>\n<p>Raquel Guiomar disse que, nas \u00faltimas semanas, o subtipo AH3N2 tem merecido maior aten\u00e7\u00e3o a n\u00edvel nacional e internacional, explicando que este v\u00edrus, que circulou no hemisf\u00e9rio norte na \u00e9poca passada e tamb\u00e9m no hemisf\u00e9rio sul, evoluiu e adquiriu muta\u00e7\u00f5es que podem aumentar a sua capacidade de transmiss\u00e3o e infe\u00e7\u00e3o.<\/p>\n<p>Estas muta\u00e7\u00f5es distinguem-no dos v\u00edrus da \u00e9poca anterior e do que est\u00e1 contemplado na vacina 2025-2026.<\/p>\n<p>Segundo a investigadora, o novo subgrupo de v\u00edrus do subtipo AH3N2, designado K, j\u00e1 foi detetado em Portugal e representa cerca de 45% dos v\u00edrus AH3N2 caracterizados at\u00e9 agora.<\/p>\n<p>Questionada se tende a crescer nas pr\u00f3ximas semanas, afirmou que \u00e9 uma hip\u00f3tese que poder\u00e1 vir a acontecer, atendendo \u00e0s suas caracter\u00edsticas, notando, citando dados europeus, que nos pa\u00edses que tiveram uma \u00e9poca mais precoce do que a observada em Portugal foram estes os v\u00edrus que tiveram um aumento de circula\u00e7\u00e3o assim que se iniciou a atividade gripal.<\/p>\n<p>A especialista disse ainda que a epidemia chegou \u201ctr\u00eas a quatro semanas mais cedo\u201d do que o habitual em Portugal, aproximando-se do padr\u00e3o observado em 2023-24.<\/p>\n<p>\u201cMas ainda n\u00e3o atingimos a atividade m\u00e1xima. No fundo, estamos, neste momento, em atividade gripal epid\u00e9mica com tend\u00eancia crescente\u201d, vincou.<\/p>\n<p>Quanto a outros v\u00edrus respirat\u00f3rios, a circula\u00e7\u00e3o do SARS-CoV-2 \u00e9 atualmente reduzida e o v\u00edrus sincicial respirat\u00f3rio (RSV) mant\u00e9m baixa atividade, embora possa aumentar nas pr\u00f3ximas semanas.<\/p>\n","protected":false},"excerpt":{"rendered":"Segundo a investigadora, nas \u00faltimas duas a tr\u00eas semanas, observou-se \u201cum aumento do n\u00famero de casos confirmados laboratorialmente&hellip;\n","protected":false},"author":2,"featured_media":176722,"comment_status":"","ping_status":"","sticky":false,"template":"","format":"standard","meta":{"footnotes":""},"categories":[86],"tags":[609,1418,116,36619,32,33,117,1893],"class_list":{"0":"post-176721","1":"post","2":"type-post","3":"status-publish","4":"format-standard","5":"has-post-thumbnail","7":"category-saude","8":"tag-alerta","9":"tag-gripe","10":"tag-health","11":"tag-insa","12":"tag-portugal","13":"tag-pt","14":"tag-saude","15":"tag-virus"},"share_on_mastodon":{"url":"https:\/\/pubeurope.com\/@pt\/115667545832665237","error":""},"_links":{"self":[{"href":"https:\/\/www.europesays.com\/pt\/wp-json\/wp\/v2\/posts\/176721","targetHints":{"allow":["GET"]}}],"collection":[{"href":"https:\/\/www.europesays.com\/pt\/wp-json\/wp\/v2\/posts"}],"about":[{"href":"https:\/\/www.europesays.com\/pt\/wp-json\/wp\/v2\/types\/post"}],"author":[{"embeddable":true,"href":"https:\/\/www.europesays.com\/pt\/wp-json\/wp\/v2\/users\/2"}],"replies":[{"embeddable":true,"href":"https:\/\/www.europesays.com\/pt\/wp-json\/wp\/v2\/comments?post=176721"}],"version-history":[{"count":0,"href":"https:\/\/www.europesays.com\/pt\/wp-json\/wp\/v2\/posts\/176721\/revisions"}],"wp:featuredmedia":[{"embeddable":true,"href":"https:\/\/www.europesays.com\/pt\/wp-json\/wp\/v2\/media\/176722"}],"wp:attachment":[{"href":"https:\/\/www.europesays.com\/pt\/wp-json\/wp\/v2\/media?parent=176721"}],"wp:term":[{"taxonomy":"category","embeddable":true,"href":"https:\/\/www.europesays.com\/pt\/wp-json\/wp\/v2\/categories?post=176721"},{"taxonomy":"post_tag","embeddable":true,"href":"https:\/\/www.europesays.com\/pt\/wp-json\/wp\/v2\/tags?post=176721"}],"curies":[{"name":"wp","href":"https:\/\/api.w.org\/{rel}","templated":true}]}}