{"id":176723,"date":"2025-12-05T15:04:41","date_gmt":"2025-12-05T15:04:41","guid":{"rendered":"https:\/\/www.europesays.com\/pt\/176723\/"},"modified":"2025-12-05T15:04:41","modified_gmt":"2025-12-05T15:04:41","slug":"volvo-e-polestar-pedem-a-ue-que-mantenha-a-proibicao-dos-carros-a-combustao-em-2035","status":"publish","type":"post","link":"https:\/\/www.europesays.com\/pt\/176723\/","title":{"rendered":"Volvo e Polestar pedem \u00e0 UE que mantenha a proibi\u00e7\u00e3o dos carros a combust\u00e3o em 2035"},"content":{"rendered":"<p>Apesar de a Uni\u00e3o Europeia (UE) querer voltar atr\u00e1s na proibi\u00e7\u00e3o da venda de carros com motor de combust\u00e3o interna a partir de 2035, os diretores-executivos da Volvo e da Polestar mostraram-se contra a possibilidade.<\/p>\n<p><a target=\"_blank\" href=\"https:\/\/pplware.sapo.pt\/wp-content\/uploads\/2025\/07\/abastecer_carro_combustao_1.jpg\" onclick=\"refreshIframe()\" class=\"foobox\" rel=\"nofollow noopener\"><img fetchpriority=\"high\" decoding=\"async\" src=\"https:\/\/www.europesays.com\/pt\/wp-content\/uploads\/2025\/12\/abastecer_carro_combustao_1-720x405.jpg\" alt=\"\" width=\"720\" height=\"405\" class=\"aligncenter size-medium wp-image-1069450\"  \/><\/a>\n<\/p>\n<p>Conforme <a target=\"_blank\" href=\"https:\/\/pplware.sapo.pt\/motores\/ue-mudou-de-ideias-e-nao-vai-banir-os-carros-com-motor-de-combustao-mas-ha-condicoes\/\" rel=\"nofollow noopener\">inform\u00e1mos<\/a>, a UE decidiu que vai permitir que os carros com motor de combust\u00e3o interna continuem a ser vendidos no mercado europeu a partir de 2035. No entanto, definiu algumas condi\u00e7\u00f5es para tal acontecer.<\/p>\n<p>Se for confirmado que o motor de combust\u00e3o interna s\u00f3 poder\u00e1 sobreviver utilizando combust\u00edveis sint\u00e9ticos ou biocombust\u00edveis, alternativas mais caras e dif\u00edceis de produzir em grande escala, esta tornar-se-\u00e1 uma op\u00e7\u00e3o de nicho reservada a fabricantes de luxo.<\/p>\n<p>Apesar de Espanha e Fran\u00e7a se terem mostrado a favor da proibi\u00e7\u00e3o, a press\u00e3o que vem sendo exercida pela Alemanha parece que atingiu Bruxelas, uma vez que poder\u00e1 por resultar numa regulamenta\u00e7\u00e3o mais flex\u00edvel do que o inicialmente previsto.<\/p>\n<p>Esta flexibiliza\u00e7\u00e3o, contudo, n\u00e3o est\u00e1 a ser vista com bons olhos por alguns nomes da ind\u00fastria autom\u00f3vel, nomeadamente pela <a target=\"_blank\" href=\"https:\/\/pplware.sapo.pt\/tag\/volvo\/\" rel=\"nofollow noopener\">Volvo<\/a> e a <a target=\"_blank\" href=\"https:\/\/pplware.sapo.pt\/tag\/polestar\/\" rel=\"nofollow noopener\">Polestar<\/a>, cujos diretores-executivos sublinharam opor-se a que a Comiss\u00e3o Europeia recue nos seus ambiciosos planos de descarboniza\u00e7\u00e3o.<\/p>\n<p><a target=\"_blank\" href=\"https:\/\/pplware.sapo.pt\/wp-content\/uploads\/2025\/12\/ceo_volvo_polestar.png\" onclick=\"refreshIframe()\" class=\"foobox\" rel=\"nofollow noopener\"><img loading=\"lazy\" decoding=\"async\" aria-describedby=\"caption-attachment-1091572\" src=\"https:\/\/www.europesays.com\/pt\/wp-content\/uploads\/2025\/12\/ceo_volvo_polestar-720x405.png\" alt=\"\" width=\"720\" height=\"405\" class=\"wp-image-1091572 size-medium\"  \/><\/a><\/p>\n<p id=\"caption-attachment-1091572\" class=\"wp-caption-text\">(da esquerda) Michael Lohscheller, diretor-executivo da Polestar; e H\u00e5kan Samuelsson, diretor-executivo da Volvo. Cr\u00e9dito: Josefine Stenersen\/ <a target=\"_blank\" href=\"https:\/\/www.theguardian.com\/business\/2025\/dec\/02\/china-volvo-polestar-eu-2035-petrol-car-sweden-germany\" rel=\"nofollow noopener\">The Guardian<\/a><\/p>\n<p>Volvo e Polestar consideram que proibi\u00e7\u00e3o da UE deve manter-se<\/p>\n<p>Durante uma entrevista recente ao <a target=\"_blank\" href=\"https:\/\/pplware.sapo.pt\/tag\/volvo\/\" rel=\"nofollow noopener\">The Guardian<\/a>, o diretor-executivo da Polestar, Michael Lohscheller, afirmou que um adiamento seria uma &#8220;p\u00e9ssima ideia&#8221;, uma vez que uma transi\u00e7\u00e3o posterior complicaria ainda mais a concorr\u00eancia com as fabricantes estrangeiras.<\/p>\n<p>Da mesma opini\u00e3o \u00e9 o diretor-executivo da Volvo, H\u00e5kan Samuelsson, que sublinhou a necessidade de diretrizes claras para que a ind\u00fastria europeia prospere.<\/p>\n<p>O executivo afirmou, tamb\u00e9m, que, sendo crucial enfrentar diretamente a concorr\u00eancia, n\u00e3o v\u00ea motivos para enfraquecer a norma de 2035, j\u00e1 que ainda falta uma d\u00e9cada.<\/p>\n<p>Por sua vez, Michael Lohscheller, admitiu considerar in\u00fatil retomar o debate sobre a data da proibi\u00e7\u00e3o, chegando mesmo a acusar a Alemanha de se agarrar ao passado, em contraste com a inova\u00e7\u00e3o chinesa e americana.<\/p>\n","protected":false},"excerpt":{"rendered":"Apesar de a Uni\u00e3o Europeia (UE) querer voltar atr\u00e1s na proibi\u00e7\u00e3o da venda de carros com motor de&hellip;\n","protected":false},"author":2,"featured_media":176724,"comment_status":"","ping_status":"","sticky":false,"template":"","format":"standard","meta":{"footnotes":""},"categories":[83],"tags":[88,745,89,90,7523,32,33,636,14783],"class_list":{"0":"post-176723","1":"post","2":"type-post","3":"status-publish","4":"format-standard","5":"has-post-thumbnail","7":"category-empresas","8":"tag-business","9":"tag-carros-motor-combustao-interna","10":"tag-economy","11":"tag-empresas","12":"tag-polestar","13":"tag-portugal","14":"tag-pt","15":"tag-uniao-europeia","16":"tag-volvo"},"share_on_mastodon":{"url":"https:\/\/pubeurope.com\/@pt\/115667577612557460","error":""},"_links":{"self":[{"href":"https:\/\/www.europesays.com\/pt\/wp-json\/wp\/v2\/posts\/176723","targetHints":{"allow":["GET"]}}],"collection":[{"href":"https:\/\/www.europesays.com\/pt\/wp-json\/wp\/v2\/posts"}],"about":[{"href":"https:\/\/www.europesays.com\/pt\/wp-json\/wp\/v2\/types\/post"}],"author":[{"embeddable":true,"href":"https:\/\/www.europesays.com\/pt\/wp-json\/wp\/v2\/users\/2"}],"replies":[{"embeddable":true,"href":"https:\/\/www.europesays.com\/pt\/wp-json\/wp\/v2\/comments?post=176723"}],"version-history":[{"count":0,"href":"https:\/\/www.europesays.com\/pt\/wp-json\/wp\/v2\/posts\/176723\/revisions"}],"wp:featuredmedia":[{"embeddable":true,"href":"https:\/\/www.europesays.com\/pt\/wp-json\/wp\/v2\/media\/176724"}],"wp:attachment":[{"href":"https:\/\/www.europesays.com\/pt\/wp-json\/wp\/v2\/media?parent=176723"}],"wp:term":[{"taxonomy":"category","embeddable":true,"href":"https:\/\/www.europesays.com\/pt\/wp-json\/wp\/v2\/categories?post=176723"},{"taxonomy":"post_tag","embeddable":true,"href":"https:\/\/www.europesays.com\/pt\/wp-json\/wp\/v2\/tags?post=176723"}],"curies":[{"name":"wp","href":"https:\/\/api.w.org\/{rel}","templated":true}]}}