{"id":176725,"date":"2025-12-05T15:05:19","date_gmt":"2025-12-05T15:05:19","guid":{"rendered":"https:\/\/www.europesays.com\/pt\/176725\/"},"modified":"2025-12-05T15:05:19","modified_gmt":"2025-12-05T15:05:19","slug":"trump-amplia-isencoes-tarifarias-e-brasil-ganha-folego-para-impulsionar-o-pib-em-2025","status":"publish","type":"post","link":"https:\/\/www.europesays.com\/pt\/176725\/","title":{"rendered":"Trump amplia isen\u00e7\u00f5es tarif\u00e1rias, e Brasil ganha f\u00f4lego para impulsionar o PIB em 2025"},"content":{"rendered":"<p>A nova lista de exce\u00e7\u00f5es \u00e0 tarifa adicional de 40% anunciada pelo presidente dos Estados Unidos, Donald Trump, retirou da sobretaxa 10,9% da pauta exportadora brasileira, o equivalente a 4,395 mil milh\u00f5es de d\u00f3lares. Com o novo pacote, 55,4% das vendas do Brasil aos EUA em 2024 \u2014 cerca de 22,381 mil milh\u00f5es de d\u00f3lares \u2014 passam a estar isentas. O impacto imediato \u00e9 relevante, mas o potencial para 2025 \u00e9 ainda maior.<br \/>Entre os produtos beneficiados, o destaque \u00e9 o caf\u00e9 n\u00e3o torrado e n\u00e3o descafeinado, terceiro item mais importante da pauta brasileira para os EUA, com 1,896 mil milh\u00f5es de d\u00f3lares em vendas no \u00faltimo ano. Tamb\u00e9m foram inclu\u00eddas carnes bovinas desossadas e congeladas (885 milh\u00f5es de d\u00f3lares), prepara\u00e7\u00f5es de bovinos (393,5 milh\u00f5es), sucos de laranja (222 milh\u00f5es) e \u00f3leo essencial de laranja (202 milh\u00f5es). S\u00e3o segmentos com forte cadeia produtiva dom\u00e9stica, grande empregabilidade e capacidade de r\u00e1pida expans\u00e3o.<br \/>As novas libera\u00e7\u00f5es criam espa\u00e7o para que o agroneg\u00f3cio brasileiro amplie sua presen\u00e7a em um mercado de alto consumo e previsibilidade. Ao garantir competitividade justamente nos produtos em que o Brasil \u00e9 l\u00edder mundial, o pa\u00eds abre caminho para um 2025 com maior dinamismo econ\u00f4mico.<\/p>\n<p><strong>Tr\u00eas setores seguiram tarifados \u2014 mas tamb\u00e9m apontam caminhos de crescimento<\/strong><\/p>\n<p>Apesar das boas not\u00edcias, tr\u00eas setores brasileiros continuam integralmente fora das isen\u00e7\u00f5es: ind\u00fastria manufatureira, pescados e mel. Ainda que enfrentem tarifas elevadas, esses segmentos entram em 2025 com potencial de reposicionamento e retomada.<\/p>\n<p><strong>Ind\u00fastria manufatureira sente o impacto em 2024, mas abre espa\u00e7o para rea\u00e7\u00e3o em 2025<\/strong><br \/>Os efeitos das tarifas j\u00e1 aparecem com clareza. Em outubro, as exporta\u00e7\u00f5es brasileiras de m\u00e1quinas para os Estados Unidos ca\u00edram 31,6% em rela\u00e7\u00e3o a setembro. Na compara\u00e7\u00e3o com outubro de 2023, a queda foi ainda mais forte: 42,5%. Como resultado, a participa\u00e7\u00e3o dos EUA nas vendas externas do setor recuou para 13%, ap\u00f3s ter representado cerca de 25% at\u00e9 agosto.<br \/>A retra\u00e7\u00e3o \u00e9 expressiva, mas revela justamente onde est\u00e1 o potencial de retomada. A ind\u00fastria brasileira possui capacidade instalada, tecnologia e m\u00e3o de obra para reagir rapidamente caso haja avan\u00e7o nas negocia\u00e7\u00f5es tarif\u00e1rias \u2014 ou caso o setor consiga acessar nichos de menor sensibilidade pol\u00edtica dentro do mercado americano.<br \/>O setor de pescados tamb\u00e9m ficou totalmente fora das isen\u00e7\u00f5es. Segundo a Associa\u00e7\u00e3o Brasileira das Ind\u00fastrias de Pescado (Abipesca), \u201co governo brasileiro n\u00e3o tem priorizado a pauta de pescados\u201d, o que tem gerado frustra\u00e7\u00e3o no setor. Em nota, o presidente da entidade, Eduardo Lobo, afirmou que o sentimento entre as empresas \u00e9 de des\u00e2nimo, especialmente porque cerca de 300 milh\u00f5es de d\u00f3lares s\u00e3o exportados anualmente para os EUA.<br \/>Apesar disso, o segmento opera em mercados de alto valor agregado \u2014 alimentos sustent\u00e1veis, org\u00e2nicos e certificados \u2014 onde o consumidor americano paga mais e a tarifa pesa menos. Esse \u00e9 um terreno f\u00e9rtil para expans\u00e3o em 2025, especialmente por meio de produtos premium e venda direta via canais digitais.<br \/>A apicultura brasileira tamb\u00e9m permaneceu integralmente tarifada. Mesmo com participa\u00e7\u00e3o menor na pauta de exporta\u00e7\u00f5es, o setor possui produtos muito valorizados no mercado internacional, como mel org\u00e2nico, pr\u00f3polis verde e suplementos naturais. Com certifica\u00e7\u00f5es adequadas e posicionamento estrat\u00e9gico, o Brasil pode ampliar a presen\u00e7a desses itens nos EUA, mesmo com a tarifa adicional.<br \/>Al\u00e9m disso, os Estados Unidos seguem como um dos pilares da balan\u00e7a comercial brasileira. Em 2024, o Brasil exportou 40,92 mil milh\u00f5es de d\u00f3lares para o mercado americano, segundo dados do Trading Economics. Considerando que o PIB nominal brasileiro foi de aproximadamente 2,179 bili\u00f5es de d\u00f3lares, de acordo com o The Global Economy, as vendas para os EUA representaram cerca de 1,9% de toda a riqueza gerada no pa\u00eds.<br \/>Esse n\u00famero refor\u00e7a a relev\u00e2ncia estrat\u00e9gica do mercado americano e amplia a perspectiva de impacto positivo no PIB brasileiro em 2025. Com parte importante do agroneg\u00f3cio agora mais competitiva, e seores industriais com espa\u00e7o claro para retomada caso haja avan\u00e7o nas negocia\u00e7\u00f5es tarif\u00e1rias, o Brasil entra no pr\u00f3ximo ano com condi\u00e7\u00e3o real de acelerar o crescimento econ\u00f4mico \u2014 combinando diversifica\u00e7\u00e3o, valor agregado e expans\u00e3o das exporta\u00e7\u00f5es.<\/p>\n","protected":false},"excerpt":{"rendered":"A nova lista de exce\u00e7\u00f5es \u00e0 tarifa adicional de 40% anunciada pelo presidente dos Estados Unidos, Donald Trump,&hellip;\n","protected":false},"author":2,"featured_media":176726,"comment_status":"","ping_status":"","sticky":false,"template":"","format":"standard","meta":{"footnotes":""},"categories":[50],"tags":[726,27,28,15,16,14,25,26,21,22,62,12,13,19,20,3658,23,24,17,18,2183,29,30,31,63,64,65],"class_list":{"0":"post-176725","1":"post","2":"type-post","3":"status-publish","4":"format-standard","5":"has-post-thumbnail","7":"category-mundo","8":"tag-brasil","9":"tag-breaking-news","10":"tag-breakingnews","11":"tag-featured-news","12":"tag-featurednews","13":"tag-headlines","14":"tag-latest-news","15":"tag-latestnews","16":"tag-main-news","17":"tag-mainnews","18":"tag-mundo","19":"tag-news","20":"tag-noticias","21":"tag-noticias-principais","22":"tag-noticiasprincipais","23":"tag-pib","24":"tag-principais-noticias","25":"tag-principaisnoticias","26":"tag-top-stories","27":"tag-topstories","28":"tag-trump","29":"tag-ultimas","30":"tag-ultimas-noticias","31":"tag-ultimasnoticias","32":"tag-world","33":"tag-world-news","34":"tag-worldnews"},"share_on_mastodon":{"url":"https:\/\/pubeurope.com\/@pt\/115667581443776746","error":""},"_links":{"self":[{"href":"https:\/\/www.europesays.com\/pt\/wp-json\/wp\/v2\/posts\/176725","targetHints":{"allow":["GET"]}}],"collection":[{"href":"https:\/\/www.europesays.com\/pt\/wp-json\/wp\/v2\/posts"}],"about":[{"href":"https:\/\/www.europesays.com\/pt\/wp-json\/wp\/v2\/types\/post"}],"author":[{"embeddable":true,"href":"https:\/\/www.europesays.com\/pt\/wp-json\/wp\/v2\/users\/2"}],"replies":[{"embeddable":true,"href":"https:\/\/www.europesays.com\/pt\/wp-json\/wp\/v2\/comments?post=176725"}],"version-history":[{"count":0,"href":"https:\/\/www.europesays.com\/pt\/wp-json\/wp\/v2\/posts\/176725\/revisions"}],"wp:featuredmedia":[{"embeddable":true,"href":"https:\/\/www.europesays.com\/pt\/wp-json\/wp\/v2\/media\/176726"}],"wp:attachment":[{"href":"https:\/\/www.europesays.com\/pt\/wp-json\/wp\/v2\/media?parent=176725"}],"wp:term":[{"taxonomy":"category","embeddable":true,"href":"https:\/\/www.europesays.com\/pt\/wp-json\/wp\/v2\/categories?post=176725"},{"taxonomy":"post_tag","embeddable":true,"href":"https:\/\/www.europesays.com\/pt\/wp-json\/wp\/v2\/tags?post=176725"}],"curies":[{"name":"wp","href":"https:\/\/api.w.org\/{rel}","templated":true}]}}