{"id":176739,"date":"2025-12-05T15:18:31","date_gmt":"2025-12-05T15:18:31","guid":{"rendered":"https:\/\/www.europesays.com\/pt\/176739\/"},"modified":"2025-12-05T15:18:31","modified_gmt":"2025-12-05T15:18:31","slug":"o-numero-de-pessoas-a-usar-ia-no-trabalho-caiu-subitamente","status":"publish","type":"post","link":"https:\/\/www.europesays.com\/pt\/176739\/","title":{"rendered":"O n\u00famero de pessoas a usar IA no trabalho caiu subitamente"},"content":{"rendered":"<p class=\"wp-caption-text top\">ZAP \/\/ Igor Vetushko, Blanco Blue  \/ Depositphotos <\/p>\n<p><img decoding=\"async\" loading=\"lazy\" class=\"size-kopa-image-size-3 wp-image-692600\" src=\"https:\/\/www.europesays.com\/pt\/wp-content\/uploads\/2025\/12\/eccbc87e4b5ce2fe28308fd9f2a7baf3-783x450.jpg\" alt=\"\" width=\"700\" height=\"402\"  \/><\/p>\n<p><strong>Ap\u00f3s tr\u00eas anos de investimento tecnol\u00f3gico sem precedentes e de um entusiasmo incessante, a procura por intelig\u00eancia artificial no local de trabalho parece estar a esgotar-se rapidamente.<\/strong><\/p>\n<p>Com base em dados de um inqu\u00e9rito recente do U.S. Census Bureau, o <a href=\"https:\/\/www.economist.com\/finance-and-economics\/2025\/11\/26\/investors-expect-ai-use-to-soar-thats-not-happening\" data-wpel-link=\"external\" target=\"_blank\" rel=\"nofollow external noopener noreferrer\" class=\"ext-link\">The Economist<\/a> estima que a percentagem de norte-americanos a usar IA para \u201cproduzir bens e servi\u00e7os\u201d em grandes empresas se situava em outubro em <strong>modestos 11%<\/strong>.<\/p>\n<p>Os investidores esperam que o uso da IA \u200b\u200bdispare. Isso <strong>n\u00e3o est\u00e1 a acontecer<\/strong>, diz o The Economist. E n\u00e3o se trata apenas de que o valor seja algo dececionante para uma tecnologia supostamente revolucion\u00e1ria.<\/p>\n<p>O mais preocupante, diz o <a href=\"https:\/\/futurism.com\/artificial-intelligence\/gen-ai-workplace-surveys\" data-wpel-link=\"external\" target=\"_blank\" rel=\"nofollow external noopener noreferrer\" class=\"ext-link\">Futurism<\/a>, \u00e9 que est\u00e1 a evoluir <strong>no sentido inverso<\/strong>: a publica\u00e7\u00e3o financeira nota que a percentagem <strong>desceu, na verdade, face aos 12%<\/strong> registados no inqu\u00e9rito anterior, realizado duas semanas antes.<\/p>\n<p>Olhando para o panorama geral, a situa\u00e7\u00e3o parece n\u00e3o ser mais animadora. Em mar\u00e7o, a percentagem de empresas com 100 a 249 funcion\u00e1rios que reportaram <strong>n\u00e3o\u00a0ter utilizado IA<\/strong> nas duas semanas anteriores era de <strong>74,1%<\/strong>. Esta percentagem subiu, no inqu\u00e9rito de outubro, para uns <strong>preocupantes 81,4%<\/strong>.<\/p>\n<p>J\u00e1 nas grandes empresas, com mais de 250 funcion\u00e1rios, as respostas negativas <strong>aumentaram para 68,6%<\/strong>, quando em fevereiro tinham atingido o m\u00ednimo do ano, nos 62,4%.<\/p>\n<p>Estes dados s\u00e3o, no m\u00ednimo, <strong>um sinal de alerta<\/strong> para um setor que se espera que invista <strong>cinco bili\u00f5es de d\u00f3lares em infraestruturas de IA<\/strong> at\u00e9 2030. Embora v\u00e1rios inqu\u00e9ritos n\u00e3o-governamentais citados pelo The Economist apresentem resultados bastante d\u00edspares, <strong>o padr\u00e3o \u00e9 claro: a IA continua a ser,<\/strong> no ambiente de trabalho, mais <strong>uma ferramenta experimental<\/strong> do que um verdadeiro motor de produtividade.<\/p>\n<p>Um economista de Stanford que acompanha a utiliza\u00e7\u00e3o de <strong>IA generativa<\/strong> no trabalho detetou uma <strong>queda acentuada no uso de m\u00eas para m\u00eas<\/strong>: embora em junho 46% dos inquiridos afirmassem ter usado esta tecnologia, esse n\u00famero<strong> caiu para 37%<\/strong> em setembro.<\/p>\n<p>Outra estimativa, da empresa de fintech <a href=\"https:\/\/ramp.com\/data\/ai-index\" data-wpel-link=\"external\" target=\"_blank\" rel=\"nofollow external noopener noreferrer\" class=\"ext-link\">Ramp<\/a>, indica que o uso de IA nas empresas americanas disparou no in\u00edcio de 2025<strong> at\u00e9 cerca de 40%, mas estagnou<\/strong> desde ent\u00e3o.<\/p>\n<p>Estes resultados surgem ap\u00f3s um <strong>ver\u00e3o decepcionante para os avan\u00e7os na IA<\/strong>, com modelos como o GPT-5 da OpenAI a ficarem <strong>aqu\u00e9m das expectativas<\/strong> em termos de desempenho.<\/p>\n<p>Os sinais de alerta quanto \u00e0 ado\u00e7\u00e3o da IA nas empresas j\u00e1 eram vis\u00edveis em dezembro de 2024, quando um inqu\u00e9rito a 500 executivos s\u00e9nior revelou que mais de metade sentia<strong> estar a \u201cfalhar no seu papel\u201d de impulsionar o uso de IA<\/strong> nas respetivas empresas<\/p>\n<p>Em vez disso, os executivos apontam para um <strong>fen\u00f3meno de \u201cfadiga da IA\u201d<\/strong> entre os colaboradores \u2014 algo que um ano marcado por incidentes negativos na \u00e1rea certamente n\u00e3o ajudou a contrariar.<\/p>\n<p>    <a href=\"https:\/\/zap.aeiou.pt\/subscrever-newsletter\" data-wpel-link=\"internal\" rel=\"nofollow noopener\" target=\"_blank\">&#13;<br \/>\n        <img loading=\"lazy\" decoding=\"async\" class=\"aligncenter size-full wp-image-575475\" src=\"https:\/\/www.europesays.com\/pt\/wp-content\/uploads\/2025\/12\/2d51fe4a0ba54894421ead1809309ed9-1-450x140.jpg\" alt=\"Subscreva a Newsletter ZAP\" width=\"450\" height=\"140\"\/>&#13;<br \/>\n    <\/a><\/p>\n<p>                <a href=\"https:\/\/whatsapp.com\/channel\/0029VaIC4EE2f3EJZPPSbR34\" data-wpel-link=\"external\" target=\"_blank\" rel=\"nofollow external noopener noreferrer\" class=\"ext-link\">&#13;<br \/>\n                    <img loading=\"lazy\" decoding=\"async\" class=\"aligncenter size-full wp-image-575475\" src=\"https:\/\/www.europesays.com\/pt\/wp-content\/uploads\/2025\/12\/c68c559d956d4ca20f435ed74a6e71e6.png\" alt=\"Siga-nos no WhatsApp\" width=\"175\" height=\"64\"\/>&#13;<br \/>\n                <\/a><\/p>\n<p>                <a href=\"https:\/\/news.google.com\/publications\/CAAiEHRwZondIV71PDjWNoqMduEqFAgKIhB0cGaJ3SFe9Tw41jaKjHbh?hl=en-US&amp;gl=US&amp;ceid=US%3Aen\" data-wpel-link=\"external\" target=\"_blank\" rel=\"nofollow external noopener noreferrer\" class=\"ext-link\">&#13;<br \/>\n                    <img loading=\"lazy\" decoding=\"async\" class=\"aligncenter size-full wp-image-575475\" src=\"https:\/\/www.europesays.com\/pt\/wp-content\/uploads\/2025\/12\/5123dd8b087b644fdb8f8603acd1bad4.png\" alt=\"Siga-nos no Google News\" width=\"176\" height=\"64\"\/>&#13;<br \/>\n                <\/a><\/p>\n","protected":false},"excerpt":{"rendered":"ZAP \/\/ Igor Vetushko, Blanco Blue \/ Depositphotos Ap\u00f3s tr\u00eas anos de investimento tecnol\u00f3gico sem precedentes e de&hellip;\n","protected":false},"author":2,"featured_media":176740,"comment_status":"","ping_status":"","sticky":false,"template":"","format":"standard","meta":{"footnotes":""},"categories":[83],"tags":[88,89,90,933,32,33],"class_list":{"0":"post-176739","1":"post","2":"type-post","3":"status-publish","4":"format-standard","5":"has-post-thumbnail","7":"category-empresas","8":"tag-business","9":"tag-economy","10":"tag-empresas","11":"tag-inteligencia-artificial","12":"tag-portugal","13":"tag-pt"},"share_on_mastodon":{"url":"https:\/\/pubeurope.com\/@pt\/115667632735651680","error":""},"_links":{"self":[{"href":"https:\/\/www.europesays.com\/pt\/wp-json\/wp\/v2\/posts\/176739","targetHints":{"allow":["GET"]}}],"collection":[{"href":"https:\/\/www.europesays.com\/pt\/wp-json\/wp\/v2\/posts"}],"about":[{"href":"https:\/\/www.europesays.com\/pt\/wp-json\/wp\/v2\/types\/post"}],"author":[{"embeddable":true,"href":"https:\/\/www.europesays.com\/pt\/wp-json\/wp\/v2\/users\/2"}],"replies":[{"embeddable":true,"href":"https:\/\/www.europesays.com\/pt\/wp-json\/wp\/v2\/comments?post=176739"}],"version-history":[{"count":0,"href":"https:\/\/www.europesays.com\/pt\/wp-json\/wp\/v2\/posts\/176739\/revisions"}],"wp:featuredmedia":[{"embeddable":true,"href":"https:\/\/www.europesays.com\/pt\/wp-json\/wp\/v2\/media\/176740"}],"wp:attachment":[{"href":"https:\/\/www.europesays.com\/pt\/wp-json\/wp\/v2\/media?parent=176739"}],"wp:term":[{"taxonomy":"category","embeddable":true,"href":"https:\/\/www.europesays.com\/pt\/wp-json\/wp\/v2\/categories?post=176739"},{"taxonomy":"post_tag","embeddable":true,"href":"https:\/\/www.europesays.com\/pt\/wp-json\/wp\/v2\/tags?post=176739"}],"curies":[{"name":"wp","href":"https:\/\/api.w.org\/{rel}","templated":true}]}}