{"id":176741,"date":"2025-12-05T15:19:08","date_gmt":"2025-12-05T15:19:08","guid":{"rendered":"https:\/\/www.europesays.com\/pt\/176741\/"},"modified":"2025-12-05T15:19:08","modified_gmt":"2025-12-05T15:19:08","slug":"na-falta-do-nobel-trump-da-o-seu-nome-a-um-instituto-da-paz-2","status":"publish","type":"post","link":"https:\/\/www.europesays.com\/pt\/176741\/","title":{"rendered":"Na falta do Nobel Trump d\u00e1 o seu nome a um &#8220;Instituto da Paz&#8221;"},"content":{"rendered":"<p>&#13;<br \/>\nO presidente americano aplaudiu a iniciativa ao presidir, quinta-feira, \u00e0 assinatura do acordo de paz entre o Ruanda e a Rep\u00fablica Democr\u00e1tica do Congo (RD Congo), um dos oito conflitos que afirma ter resolvido desde a sua tomada de posse em janeiro. \u00a0&#13;\n<\/p>\n<p>&#13;<br \/>\nDirigindo-se ao chefe da diplomacia americana, Marco Rubio, presente na cerim\u00f3nia, disse: &#8220;E obrigado por colocar um certo nome no edif\u00edcio. Quando cheguei, pensei `Oh, isso \u00e9 bonito`. (&#8230;) \u00c9 uma grande honra&#8221;, afirmou o republicano de 79 anos. \u00a0&#13;\n<\/p>\n<p>&#13;<br \/>\nO Departamento de Estado tinha anunciado no dia anterior a decis\u00e3o de atribuir o nome de Donald Trump \u00e0quele instituto mediante uma mensagem na rede social X, explicando que queria &#8220;homenagear o melhor negociador da hist\u00f3ria do nosso pa\u00eds&#8221;. \u00a0&#13;\n<\/p>\n<p>&#13;<br \/>\nO edif\u00edcio, localizado no cora\u00e7\u00e3o de Washington, ostenta agora em relevo e com letras prateadas o nome &#8220;Donald J. Trump&#8221;, acima do seu nome original: &#8220;United States Institute of Peace [Instituto da Paz dos Estados Unidos]&#8221;. &#13;\n<\/p>\n<p>&#13;<br \/>\nO presidente americano tamb\u00e9m se mostrou muito entusiasmado com o pr\u00f3prio edif\u00edcio, que descreveu como &#8220;magn\u00edfico e novinho em folha&#8221;. &#13;\n<\/p>\n<p>&#13;<br \/>\nA constru\u00e7\u00e3o da sede desta institui\u00e7\u00e3o terminou, na realidade, em 2011. &#13;\n<\/p>\n<p>&#13;<br \/>\nMas foi este mesmo instituto, criado em 1984 sob a presid\u00eancia de Ronald Reagan, que o atual presidente americano tentou desmantelar nos primeiros meses do seu segundo mandato, tal como outros organismos federais, demitindo a maior parte dos seus dirigentes. &#13;\n<\/p>\n<p>&#13;<br \/>\nFinanciada pelo Congresso, esta organiza\u00e7\u00e3o independente sem fins lucrativos procurava sobretudo prevenir e resolver conflitos internacionais, e contava, at\u00e9 ao in\u00edcio deste ano, com investigadores especialistas em quest\u00f5es internacionais, funcionando como um think tank. &#13;\n<\/p>\n<p>&#13;<br \/>\nDonald Trump acredita que os seus esfor\u00e7os para terminar com v\u00e1rios conflitos no mundo &#8211; Gaza, \u00cdndia-Paquist\u00e3o, Camboja-Tail\u00e2ndia, etc &#8211; deveriam valer para lhe atribu\u00edrem o Pr\u00e9mio Nobel da Paz. &#13;\n<\/p>\n<p>&#13;<br \/>\nOs especialistas real\u00e7am, no entanto, que a sua interven\u00e7\u00e3o em alguns destes conflitos foi muito limitada ou mesmo inexistente. &#13;\n<\/p>\n<p>&#13;<br \/>\nNo caso do conflito que h\u00e1 d\u00e9cadas op\u00f5e o Ruanda e a RD Congo, a assinatura do acordo de paz, que Donald Trump qualificou de &#8220;milagre&#8221;, ocorreu enquanto combates violentos continuavam entre o grupo armado M23, apoiado por Kigali, e o ex\u00e9rcito congol\u00eas, apoiado por mil\u00edcias, na prov\u00edncia do Sul-Kivu (este da RD Congo). \u00a0&#13;\n<\/p>\n<p>&#13;<br \/>\nO milagre e antigo promotor imobili\u00e1rio fez do seu nome uma marca, inscrita em letras cintilantes nas propriedades que possui. Parece querer continuar nessa linha no seu mandato presidencial. &#13;\n<\/p>\n<p>&#13;<br \/>\nHoje, brincou com o nome da grande sala de espet\u00e1culos p\u00fablica de Washington, o &#8220;Kennedy Center&#8221;, que chamou de &#8220;Trump Kennedy Center&#8221;. &#8220;Cometi um grande erro&#8221;, disse depois, fazendo de conta que se desculpava ap\u00f3s esta confus\u00e3o propositada. &#13;\n<\/p>\n<p>&#13;<br \/>\nUm eleito republicano j\u00e1 prop\u00f4s renomear o maior aeroporto que serve Washington, o Aeroporto Internacional Dulles, para &#8220;Aeroporto Donald Trump&#8221;. &#13;\n<\/p>\n<p>&#13;<br \/>\nO presidente americano, entusiasta de obras, anunciou recentemente uma grande renova\u00e7\u00e3o desta infraestrutura. &#13;\n<\/p>\n<p>&#13;<br \/>\nAl\u00e9m disso, tamb\u00e9m supervisiona a constru\u00e7\u00e3o de um gigantesco sal\u00e3o de baile na Casa Branca. Segundo a imprensa, ele estaria em conflito com o arquiteto respons\u00e1vel pelo projeto, que consideraria desproporcionado o tamanho do edif\u00edcio pretendido pelo presidente. &#13;\n<\/p>\n<p>&#13;<br \/>\nDonald Trump tamb\u00e9m mandou colocar v\u00e1rios retratos seus na Casa Branca, rompendo com o costume que prev\u00ea que as ef\u00edgies dos presidentes americanos s\u00f3 sejam expostas no edif\u00edcio ap\u00f3s o t\u00e9rmino dos seus mandatos. &#13;\n<\/p>\n<p>&#13;<br \/>\nEntre as decora\u00e7\u00f5es natal\u00edcias tradicionais da Casa Branca, este ano encontra-se, por exemplo, um retrato gigante do presidente em Lego.&#13;\n<\/p>\n<p>&#13;<br \/>\n\u00a0&#13;<\/p>\n","protected":false},"excerpt":{"rendered":"&#13; O presidente americano aplaudiu a iniciativa ao presidir, quinta-feira, \u00e0 assinatura do acordo de paz entre o&hellip;\n","protected":false},"author":2,"featured_media":176742,"comment_status":"","ping_status":"","sticky":false,"template":"","format":"standard","meta":{"footnotes":""},"categories":[50],"tags":[27,28,36190,36620,15,16,14,25,26,21,22,62,12,13,19,20,23,24,17,18,29,30,31,63,64,65],"class_list":{"0":"post-176741","1":"post","2":"type-post","3":"status-publish","4":"format-standard","5":"has-post-thumbnail","7":"category-mundo","8":"tag-breaking-news","9":"tag-breakingnews","10":"tag-democratica","11":"tag-dulles","12":"tag-featured-news","13":"tag-featurednews","14":"tag-headlines","15":"tag-latest-news","16":"tag-latestnews","17":"tag-main-news","18":"tag-mainnews","19":"tag-mundo","20":"tag-news","21":"tag-noticias","22":"tag-noticias-principais","23":"tag-noticiasprincipais","24":"tag-principais-noticias","25":"tag-principaisnoticias","26":"tag-top-stories","27":"tag-topstories","28":"tag-ultimas","29":"tag-ultimas-noticias","30":"tag-ultimasnoticias","31":"tag-world","32":"tag-world-news","33":"tag-worldnews"},"share_on_mastodon":{"url":"https:\/\/pubeurope.com\/@pt\/115667636375573729","error":""},"_links":{"self":[{"href":"https:\/\/www.europesays.com\/pt\/wp-json\/wp\/v2\/posts\/176741","targetHints":{"allow":["GET"]}}],"collection":[{"href":"https:\/\/www.europesays.com\/pt\/wp-json\/wp\/v2\/posts"}],"about":[{"href":"https:\/\/www.europesays.com\/pt\/wp-json\/wp\/v2\/types\/post"}],"author":[{"embeddable":true,"href":"https:\/\/www.europesays.com\/pt\/wp-json\/wp\/v2\/users\/2"}],"replies":[{"embeddable":true,"href":"https:\/\/www.europesays.com\/pt\/wp-json\/wp\/v2\/comments?post=176741"}],"version-history":[{"count":0,"href":"https:\/\/www.europesays.com\/pt\/wp-json\/wp\/v2\/posts\/176741\/revisions"}],"wp:featuredmedia":[{"embeddable":true,"href":"https:\/\/www.europesays.com\/pt\/wp-json\/wp\/v2\/media\/176742"}],"wp:attachment":[{"href":"https:\/\/www.europesays.com\/pt\/wp-json\/wp\/v2\/media?parent=176741"}],"wp:term":[{"taxonomy":"category","embeddable":true,"href":"https:\/\/www.europesays.com\/pt\/wp-json\/wp\/v2\/categories?post=176741"},{"taxonomy":"post_tag","embeddable":true,"href":"https:\/\/www.europesays.com\/pt\/wp-json\/wp\/v2\/tags?post=176741"}],"curies":[{"name":"wp","href":"https:\/\/api.w.org\/{rel}","templated":true}]}}