{"id":176745,"date":"2025-12-05T15:21:23","date_gmt":"2025-12-05T15:21:23","guid":{"rendered":"https:\/\/www.europesays.com\/pt\/176745\/"},"modified":"2025-12-05T15:21:23","modified_gmt":"2025-12-05T15:21:23","slug":"quatro-drones-passaram-perto-do-aviao-de-zelensky-na-irlanda-observador","status":"publish","type":"post","link":"https:\/\/www.europesays.com\/pt\/176745\/","title":{"rendered":"Quatro drones passaram perto do avi\u00e3o de Zelensky na Irlanda \u2013 Observador"},"content":{"rendered":"<p>Pelo menos quatro drones foram avistados a voar perto do percurso do avi\u00e3o do Presidente ucraniano, Volodymyr Zelensky, quando ia a caminho da Irlanda, pa\u00eds que visitou na segunda-feira. A not\u00edcia foi avan\u00e7ada pelo irland\u00eas <a href=\"https:\/\/www.thejournal.ie\/drones-dublin-ireland-hybrid-warfare-russia-6893104-Dec2025\/?utm_source=thejournal&amp;utm_content=top-stories\" rel=\"nofollow noopener\" target=\"_blank\">The Journal<\/a>, que indicou que os drones quebraram uma proibi\u00e7\u00e3o de voo na zona perto da capital e aproximaram-se do percurso por volta das 23h00.<\/p>\n<p>Foi a tripula\u00e7\u00e3o do navio William Butler Yeats, que tinha sido colocado na ba\u00eda em frente \u00e0 capital irlandesa, que avistou os dispositivos. Poucos momentos depois do incidente, explica o jornal, o avi\u00e3o aterrou na capital irlandesa de Dublin \u2014 o que aconteceu antes do esperado. <strong>Se tivesse cumprido o hor\u00e1rio previsto para o percurso<\/strong>, as aeronaves\u00a0teriam <strong>mesmo chegado perto do avi\u00e3o<\/strong> junto \u00e0 costa da ilha irlandesa.<\/p>\n<p>Fontes consultadas pelo\u00a0Irish Times indicaram que o avi\u00e3o do l\u00edder ucraniano n\u00e3o correu perigo. Ap\u00f3s a chegada de Zelensky a Dublin, <a href=\"https:\/\/www.bbc.com\/news\/articles\/cjrjnrzdj3zo\" rel=\"nofollow noopener\" target=\"_blank\">noticiou a BBC<\/a>, v\u00e1rios membros do governo irland\u00eas foram informados da presen\u00e7a de <a href=\"https:\/\/observador.pt\/2025\/11\/03\/governo-belga-sugere-espionagem-por-tras-de-sobrevoo-de-drones-em-base-militar\/\" rel=\"nofollow noopener\" target=\"_blank\">drones<\/a>.<\/p>\n<blockquote class=\"wp-embedded-content\" data-secret=\"ugCBYg8mNx\">\n<p><a href=\"https:\/\/observador.pt\/2025\/11\/03\/governo-belga-sugere-espionagem-por-tras-de-sobrevoo-de-drones-em-base-militar\/\" rel=\"nofollow noopener\" target=\"_blank\">Governo belga sugere espionagem por tr\u00e1s de sobrevoo de drones em base militar<\/a><\/p>\n<\/blockquote>\n<p>Ainda n\u00e3o se sabe quem controlou ou onde est\u00e3o os drones neste momento, indicou o The Journal. Por\u00e9m, o Irish Times noticiou que os respons\u00e1veis est\u00e3o a tratar o incidente como uma potencial <strong>tentativa de perturbar o tr\u00e1fego a\u00e9reo<\/strong>, em vez de atacar mesmo o avi\u00e3o do Presidente da Ucr\u00e2nia.<\/p>\n<p>O mesmo Irish Times escreveu que o incidente ocorreu numa altura em que tr\u00eas navios da frota fantasma russa sancionada estavam a operar perto da Zona Econ\u00f3mica Exclusiva da Irlanda. Ainda assim, frisam, n\u00e3o h\u00e1 quaisquer provas de que tenham estado envolvidos no caso.<\/p>\n","protected":false},"excerpt":{"rendered":"Pelo menos quatro drones foram avistados a voar perto do percurso do avi\u00e3o do Presidente ucraniano, Volodymyr Zelensky,&hellip;\n","protected":false},"author":2,"featured_media":176746,"comment_status":"","ping_status":"","sticky":false,"template":"","format":"standard","meta":{"footnotes":""},"categories":[8],"tags":[27,28,837,445,15,16,1123,14,25,26,21,22,62,12,13,19,20,32,23,24,33,110,17,18,1124,29,30,31,2416],"class_list":{"0":"post-176745","1":"post","2":"type-post","3":"status-publish","4":"format-standard","5":"has-post-thumbnail","7":"category-principais-noticias","8":"tag-breaking-news","9":"tag-breakingnews","10":"tag-drones","11":"tag-europa","12":"tag-featured-news","13":"tag-featurednews","14":"tag-guerra-na-ucru00e2nia","15":"tag-headlines","16":"tag-latest-news","17":"tag-latestnews","18":"tag-main-news","19":"tag-mainnews","20":"tag-mundo","21":"tag-news","22":"tag-noticias","23":"tag-noticias-principais","24":"tag-noticiasprincipais","25":"tag-portugal","26":"tag-principais-noticias","27":"tag-principaisnoticias","28":"tag-pt","29":"tag-tecnologia","30":"tag-top-stories","31":"tag-topstories","32":"tag-ucru00e2nia","33":"tag-ultimas","34":"tag-ultimas-noticias","35":"tag-ultimasnoticias","36":"tag-volodymyr-zelensky"},"share_on_mastodon":{"url":"https:\/\/pubeurope.com\/@pt\/115667644446684916","error":""},"_links":{"self":[{"href":"https:\/\/www.europesays.com\/pt\/wp-json\/wp\/v2\/posts\/176745","targetHints":{"allow":["GET"]}}],"collection":[{"href":"https:\/\/www.europesays.com\/pt\/wp-json\/wp\/v2\/posts"}],"about":[{"href":"https:\/\/www.europesays.com\/pt\/wp-json\/wp\/v2\/types\/post"}],"author":[{"embeddable":true,"href":"https:\/\/www.europesays.com\/pt\/wp-json\/wp\/v2\/users\/2"}],"replies":[{"embeddable":true,"href":"https:\/\/www.europesays.com\/pt\/wp-json\/wp\/v2\/comments?post=176745"}],"version-history":[{"count":0,"href":"https:\/\/www.europesays.com\/pt\/wp-json\/wp\/v2\/posts\/176745\/revisions"}],"wp:featuredmedia":[{"embeddable":true,"href":"https:\/\/www.europesays.com\/pt\/wp-json\/wp\/v2\/media\/176746"}],"wp:attachment":[{"href":"https:\/\/www.europesays.com\/pt\/wp-json\/wp\/v2\/media?parent=176745"}],"wp:term":[{"taxonomy":"category","embeddable":true,"href":"https:\/\/www.europesays.com\/pt\/wp-json\/wp\/v2\/categories?post=176745"},{"taxonomy":"post_tag","embeddable":true,"href":"https:\/\/www.europesays.com\/pt\/wp-json\/wp\/v2\/tags?post=176745"}],"curies":[{"name":"wp","href":"https:\/\/api.w.org\/{rel}","templated":true}]}}